{"id":1469,"date":"2021-01-28T16:21:43","date_gmt":"2021-01-28T16:21:43","guid":{"rendered":"https:\/\/sociedadhispanoalemana.com\/?p=1469"},"modified":"2021-02-11T16:25:21","modified_gmt":"2021-02-11T16:25:21","slug":"alemania-polonia-y-belgica-los-destinos-favoritos-de-los-244-alumnos-de-la-upna-que-estudiaran-en-el-extranjero","status":"publish","type":"post","link":"https:\/\/sociedadhispanoalemana.com\/de\/alemania-polonia-y-belgica-los-destinos-favoritos-de-los-244-alumnos-de-la-upna-que-estudiaran-en-el-extranjero","title":{"rendered":"Alemania destino favorito de los alumnos de la UPNA que estudiar\u00e1n en el extranjero"},"content":{"rendered":"<p>El rector de la <strong>Universidad P\u00fablica de Navarra<\/strong> (UPNA), <strong>Ram\u00f3n Gonzalo<\/strong>, presidi\u00f3 el pasado lunes la recepci\u00f3n a los <strong>244 estudiantes<\/strong> que participan durante este curso acad\u00e9mico 2020-2021 en programas internacionales de movilidad en m\u00e1s de una treintena pa\u00edses.<\/p>\n\n\n\n<p>La mayor parte de los alumnos (214) est\u00e1n vinculados al programa <strong>Erasmus<\/strong>; 4, al <strong>Palafox<\/strong>; 4, al <strong>Mart\u00edn de Rada<\/strong>; 7, a <strong>convenios bilaterales<\/strong>; 6, a <strong>ISEP USA<\/strong>; 7, a <strong>ISEP Internacional<\/strong> y 2 a programas de <strong>Formaci\u00f3n Solidaria<\/strong>.<\/p>\n\n\n\n<p>La ceremonia, que se ha desarrollado en el <strong>Aula Fernando Remacha<\/strong> del edificio El Sario del campus de Arrosadia en Pamplona, se ha iniciado con unas palabras del vicerrector de Internacionalizaci\u00f3n y Cooperaci\u00f3n, <strong>Jorge Elso Torralba<\/strong>, tras quien ha intervenido el presidente de Caja Rural de Navarra, <strong>Ignacio Ter\u00e9s Los Arcos<\/strong>. Debido a las restricciones sanitarias, las becas no se han entregado en mano sino que han sido recogidas por cada uno de los estudiantes.<\/p>\n\n\n\n<figure class=\"wp-block-gallery columns-3 is-cropped wp-block-gallery-1 is-layout-flex wp-block-gallery-is-layout-flex\"><ul class=\"blocks-gallery-grid\"><li class=\"blocks-gallery-item\"><figure><img loading=\"lazy\" decoding=\"async\" width=\"640\" height=\"427\" src=\"https:\/\/sociedadhispanoalemana.com\/wp-content\/uploads\/2021\/02\/priscilla-du-preez-XkKCui44iM0-unsplash.jpg\" alt=\"\" data-id=\"2211\" data-full-url=\"https:\/\/sociedadhispanoalemana.com\/wp-content\/uploads\/2021\/02\/priscilla-du-preez-XkKCui44iM0-unsplash.jpg\" data-link=\"https:\/\/sociedadhispanoalemana.com\/alemania-polonia-y-belgica-los-destinos-favoritos-de-los-244-alumnos-de-la-upna-que-estudiaran-en-el-extranjero\/priscilla-du-preez-xkkcui44im0-unsplash\" class=\"wp-image-2211\" srcset=\"https:\/\/sociedadhispanoalemana.com\/wp-content\/uploads\/2021\/02\/priscilla-du-preez-XkKCui44iM0-unsplash.jpg 640w, https:\/\/sociedadhispanoalemana.com\/wp-content\/uploads\/2021\/02\/priscilla-du-preez-XkKCui44iM0-unsplash-300x200.jpg 300w, https:\/\/sociedadhispanoalemana.com\/wp-content\/uploads\/2021\/02\/priscilla-du-preez-XkKCui44iM0-unsplash-16x12.jpg 16w\" sizes=\"auto, (max-width: 640px) 100vw, 640px\" \/><\/figure><\/li><li class=\"blocks-gallery-item\"><figure><img loading=\"lazy\" decoding=\"async\" width=\"640\" height=\"960\" src=\"https:\/\/sociedadhispanoalemana.com\/wp-content\/uploads\/2021\/02\/julia-solonina-J-g3s9eHsMM-unsplash.jpg\" alt=\"\" data-id=\"2213\" data-full-url=\"https:\/\/sociedadhispanoalemana.com\/wp-content\/uploads\/2021\/02\/julia-solonina-J-g3s9eHsMM-unsplash.jpg\" data-link=\"https:\/\/sociedadhispanoalemana.com\/alemania-polonia-y-belgica-los-destinos-favoritos-de-los-244-alumnos-de-la-upna-que-estudiaran-en-el-extranjero\/julia-solonina-j-g3s9ehsmm-unsplash\" class=\"wp-image-2213\" srcset=\"https:\/\/sociedadhispanoalemana.com\/wp-content\/uploads\/2021\/02\/julia-solonina-J-g3s9eHsMM-unsplash.jpg 640w, https:\/\/sociedadhispanoalemana.com\/wp-content\/uploads\/2021\/02\/julia-solonina-J-g3s9eHsMM-unsplash-200x300.jpg 200w, https:\/\/sociedadhispanoalemana.com\/wp-content\/uploads\/2021\/02\/julia-solonina-J-g3s9eHsMM-unsplash-8x12.jpg 8w\" sizes=\"auto, (max-width: 640px) 100vw, 640px\" \/><\/figure><\/li><li class=\"blocks-gallery-item\"><figure><img loading=\"lazy\" decoding=\"async\" width=\"640\" height=\"427\" src=\"https:\/\/sociedadhispanoalemana.com\/wp-content\/uploads\/2021\/02\/brooke-cagle-uHVRvDr7pg-unsplash.jpg\" alt=\"\" data-id=\"2212\" data-full-url=\"https:\/\/sociedadhispanoalemana.com\/wp-content\/uploads\/2021\/02\/brooke-cagle-uHVRvDr7pg-unsplash.jpg\" data-link=\"https:\/\/sociedadhispanoalemana.com\/alemania-polonia-y-belgica-los-destinos-favoritos-de-los-244-alumnos-de-la-upna-que-estudiaran-en-el-extranjero\/brooke-cagle-uhvrvdr7pg-unsplash\" class=\"wp-image-2212\" srcset=\"https:\/\/sociedadhispanoalemana.com\/wp-content\/uploads\/2021\/02\/brooke-cagle-uHVRvDr7pg-unsplash.jpg 640w, https:\/\/sociedadhispanoalemana.com\/wp-content\/uploads\/2021\/02\/brooke-cagle-uHVRvDr7pg-unsplash-300x200.jpg 300w, https:\/\/sociedadhispanoalemana.com\/wp-content\/uploads\/2021\/02\/brooke-cagle-uHVRvDr7pg-unsplash-16x12.jpg 16w\" sizes=\"auto, (max-width: 640px) 100vw, 640px\" \/><\/figure><\/li><li class=\"blocks-gallery-item\"><figure><img loading=\"lazy\" decoding=\"async\" width=\"640\" height=\"427\" src=\"https:\/\/sociedadhispanoalemana.com\/wp-content\/uploads\/2021\/02\/roman-kraft-g_gwdpsCVAY-unsplash.jpg\" alt=\"\" data-id=\"2214\" data-full-url=\"https:\/\/sociedadhispanoalemana.com\/wp-content\/uploads\/2021\/02\/roman-kraft-g_gwdpsCVAY-unsplash.jpg\" data-link=\"https:\/\/sociedadhispanoalemana.com\/alemania-polonia-y-belgica-los-destinos-favoritos-de-los-244-alumnos-de-la-upna-que-estudiaran-en-el-extranjero\/roman-kraft-g_gwdpscvay-unsplash\" class=\"wp-image-2214\" srcset=\"https:\/\/sociedadhispanoalemana.com\/wp-content\/uploads\/2021\/02\/roman-kraft-g_gwdpsCVAY-unsplash.jpg 640w, https:\/\/sociedadhispanoalemana.com\/wp-content\/uploads\/2021\/02\/roman-kraft-g_gwdpsCVAY-unsplash-300x200.jpg 300w, https:\/\/sociedadhispanoalemana.com\/wp-content\/uploads\/2021\/02\/roman-kraft-g_gwdpsCVAY-unsplash-16x12.jpg 16w\" sizes=\"auto, (max-width: 640px) 100vw, 640px\" \/><\/figure><\/li><li class=\"blocks-gallery-item\"><figure><img loading=\"lazy\" decoding=\"async\" width=\"640\" height=\"428\" src=\"https:\/\/sociedadhispanoalemana.com\/wp-content\/uploads\/2021\/02\/kai-pilger-uQBxh6L5D4-unsplash.jpg\" alt=\"\" data-id=\"2215\" data-full-url=\"https:\/\/sociedadhispanoalemana.com\/wp-content\/uploads\/2021\/02\/kai-pilger-uQBxh6L5D4-unsplash.jpg\" data-link=\"https:\/\/sociedadhispanoalemana.com\/alemania-polonia-y-belgica-los-destinos-favoritos-de-los-244-alumnos-de-la-upna-que-estudiaran-en-el-extranjero\/kai-pilger-uqbxh6l5d4-unsplash-2\" class=\"wp-image-2215\" srcset=\"https:\/\/sociedadhispanoalemana.com\/wp-content\/uploads\/2021\/02\/kai-pilger-uQBxh6L5D4-unsplash.jpg 640w, https:\/\/sociedadhispanoalemana.com\/wp-content\/uploads\/2021\/02\/kai-pilger-uQBxh6L5D4-unsplash-300x201.jpg 300w, https:\/\/sociedadhispanoalemana.com\/wp-content\/uploads\/2021\/02\/kai-pilger-uQBxh6L5D4-unsplash-16x12.jpg 16w\" sizes=\"auto, (max-width: 640px) 100vw, 640px\" \/><\/figure><\/li><\/ul><\/figure>\n\n\n\n<p>La cuant\u00eda de las ayudas difiere seg\u00fan sean otorgadas a quienes permanecen todo el curso acad\u00e9mico en el <strong>extranjero<\/strong> (un total de 41) o a quienes est\u00e1n fuera <strong>un<\/strong> <strong>semestre<\/strong> (67, en el de oto\u00f1o; y 136, en el de primavera). El acto ha concluido con la intervenci\u00f3n del rector de la UPNA, Ram\u00f3n Gonzalo.<\/p>\n\n\n\n<p>El alumnado que cursar\u00e1 estudios en universidades extranjeras est\u00e1 formado por <strong>140 mujeres y 104 hombres<\/strong>. Las que reciben a un mayor n\u00famero de estudiantes son, por este orden, Alemania, Polonia, B\u00e9lgica, Francia, Italia, Suecia, Portugal, Austria y Estados Unidos.<\/p>\n\n\n\n<p>El resto de <strong>destinos<\/strong> son Dinamarca, Pa\u00edses Bajos, Rep\u00fablica Checa, Grecia, Lituania, Bulgaria, Eslovenia, Finlandia, Hungr\u00eda, Irlanda, Suiza, Per\u00fa, Reino Unido, Corea del Sur, M\u00e9xico, Rep\u00fablica Popular China, Taiw\u00e1n, Croacia, Cuba, Jap\u00f3n, Turqu\u00eda y Luxemburgo.<\/p>\n\n\n\n<p><strong>DIVERSOS PROGRAMAS DE MOVILIDAD<\/strong><\/p>\n\n\n\n<p>La mayor parte de los estudiantes de la Universidad P\u00fablica de Navarra que cursan sus estudios en el extranjero participan en el programa Erasmus, un proyecto formativo de la <strong>Uni\u00f3n Europea<\/strong> para la cooperaci\u00f3n en el \u00e1mbito de la educaci\u00f3n superior.<\/p>\n\n\n\n<p>El programa Palafox responde a una iniciativa propia de la Universidad P\u00fablica de Navarra de intercambio con <strong>universidades<\/strong> <strong>latinoamericanas<\/strong>. A trav\u00e9s de este programa se pueden realizar parte de los estudios en una universidad iberoamericana con la garant\u00eda de que los cr\u00e9ditos obtenidos en ese periodo ser\u00e1n reconocidos a su regreso.<\/p>\n\n\n\n<p>Otro de los programas de movilidad internacional de la UPNA es Mart\u00edn de Rada, que engloba convenios bilaterales suscritos entre la Universidad P\u00fablica de Navarra y diversas <strong>universidades asi\u00e1ticas<\/strong>.<\/p>\n\n\n\n<p>A estos programas se suman los convenios bilaterales, suscritos con distintas universidades de pa\u00edses como <strong>Estados Unidos, Australia, Reino Unido o Canad\u00e1<\/strong>.<\/p>\n\n\n\n<p>Finalmente, existen tambi\u00e9n los programas ISEP USA, que facilita el <strong>intercambio<\/strong> con universidades de este pa\u00eds, e ISEP Internacional.<\/p>\n\n\n\n<p>Fuente: https:\/\/navarra.elespanol.com\/articulo\/sociedad\/estudiantes-upna-becas-caja-rural\/20210106123440351240.html<\/p>","protected":false},"excerpt":{"rendered":"<p>El rector de la Universidad P\u00fablica de Navarra (UPNA), Ram\u00f3n Gonzalo, presidi\u00f3 el pasado lunes la recepci\u00f3n a los 244 estudiantes que participan durante este curso acad\u00e9mico 2020-2021 en programas internacionales de movilidad en m\u00e1s de una treintena pa\u00edses.<\/p>","protected":false},"author":1,"featured_media":1667,"comment_status":"open","ping_status":"open","sticky":false,"template":"","format":"standard","meta":{"_seopress_robots_primary_cat":"none","site-sidebar-layout":"default","site-content-layout":"default","ast-site-content-layout":"","site-content-style":"default","site-sidebar-style":"default","ast-global-header-display":"","ast-banner-title-visibility":"","ast-main-header-display":"","ast-hfb-above-header-display":"","ast-hfb-below-header-display":"","ast-hfb-mobile-header-display":"","site-post-title":"","ast-breadcrumbs-content":"","ast-featured-img":"","footer-sml-layout":"","theme-transparent-header-meta":"default","adv-header-id-meta":"","stick-header-meta":"","header-above-stick-meta":"","header-main-stick-meta":"","header-below-stick-meta":"","astra-migrate-meta-layouts":"default","ast-page-background-enabled":"default","ast-page-background-meta":{"desktop":{"background-color":"","background-image":"","background-repeat":"repeat","background-position":"center center","background-size":"auto","background-attachment":"scroll","background-type":"","background-media":"","overlay-type":"","overlay-color":"","overlay-opacity":"","overlay-gradient":""},"tablet":{"background-color":"","background-image":"","background-repeat":"repeat","background-position":"center center","background-size":"auto","background-attachment":"scroll","background-type":"","background-media":"","overlay-type":"","overlay-color":"","overlay-opacity":"","overlay-gradient":""},"mobile":{"background-color":"","background-image":"","background-repeat":"repeat","background-position":"center center","background-size":"auto","background-attachment":"scroll","background-type":"","background-media":"","overlay-type":"","overlay-color":"","overlay-opacity":"","overlay-gradient":""}},"ast-content-background-meta":{"desktop":{"background-color":"var(--ast-global-color-5)","background-image":"","background-repeat":"repeat","background-position":"center center","background-size":"auto","background-attachment":"scroll","background-type":"","background-media":"","overlay-type":"","overlay-color":"","overlay-opacity":"","overlay-gradient":""},"tablet":{"background-color":"var(--ast-global-color-5)","background-image":"","background-repeat":"repeat","background-position":"center center","background-size":"auto","background-attachment":"scroll","background-type":"","background-media":"","overlay-type":"","overlay-color":"","overlay-opacity":"","overlay-gradient":""},"mobile":{"background-color":"var(--ast-global-color-5)","background-image":"","background-repeat":"repeat","background-position":"center center","background-size":"auto","background-attachment":"scroll","background-type":"","background-media":"","overlay-type":"","overlay-color":"","overlay-opacity":"","overlay-gradient":""}},"_jetpack_memberships_contains_paid_content":false,"footnotes":"","jetpack_publicize_message":"","jetpack_publicize_feature_enabled":true,"jetpack_social_post_already_shared":false,"jetpack_social_options":{"image_generator_settings":{"template":"highway","default_image_id":0,"font":"","enabled":false},"version":2}},"categories":[45,23],"tags":[51,53,52,54],"class_list":["post-1469","post","type-post","status-publish","format-standard","has-post-thumbnail","hentry","category-estudiantes","category-noticias","tag-alemania","tag-ersamus","tag-estudiantes","tag-upna"],"jetpack_publicize_connections":[],"jetpack_featured_media_url":"https:\/\/sociedadhispanoalemana.com\/wp-content\/uploads\/2021\/01\/Alemania-destino-principal-estudiantes-de-navarra.png","jetpack_sharing_enabled":true,"_links":{"self":[{"href":"https:\/\/sociedadhispanoalemana.com\/de\/wp-json\/wp\/v2\/posts\/1469","targetHints":{"allow":["GET"]}}],"collection":[{"href":"https:\/\/sociedadhispanoalemana.com\/de\/wp-json\/wp\/v2\/posts"}],"about":[{"href":"https:\/\/sociedadhispanoalemana.com\/de\/wp-json\/wp\/v2\/types\/post"}],"author":[{"embeddable":true,"href":"https:\/\/sociedadhispanoalemana.com\/de\/wp-json\/wp\/v2\/users\/1"}],"replies":[{"embeddable":true,"href":"https:\/\/sociedadhispanoalemana.com\/de\/wp-json\/wp\/v2\/comments?post=1469"}],"version-history":[{"count":7,"href":"https:\/\/sociedadhispanoalemana.com\/de\/wp-json\/wp\/v2\/posts\/1469\/revisions"}],"predecessor-version":[{"id":2216,"href":"https:\/\/sociedadhispanoalemana.com\/de\/wp-json\/wp\/v2\/posts\/1469\/revisions\/2216"}],"wp:featuredmedia":[{"embeddable":true,"href":"https:\/\/sociedadhispanoalemana.com\/de\/wp-json\/wp\/v2\/media\/1667"}],"wp:attachment":[{"href":"https:\/\/sociedadhispanoalemana.com\/de\/wp-json\/wp\/v2\/media?parent=1469"}],"wp:term":[{"taxonomy":"category","embeddable":true,"href":"https:\/\/sociedadhispanoalemana.com\/de\/wp-json\/wp\/v2\/categories?post=1469"},{"taxonomy":"post_tag","embeddable":true,"href":"https:\/\/sociedadhispanoalemana.com\/de\/wp-json\/wp\/v2\/tags?post=1469"}],"curies":[{"name":"wp","href":"https:\/\/api.w.org\/{rel}","templated":true}]}}