{"id":2574,"date":"2021-02-14T22:29:50","date_gmt":"2021-02-14T22:29:50","guid":{"rendered":"https:\/\/sociedadhispanoalemana.com\/?p=2574"},"modified":"2021-02-15T17:02:05","modified_gmt":"2021-02-15T17:02:05","slug":"alemania-destino-natural-para-un-gran-numero-de-estudiantes-entrevista-a-begona-ballaz-jefa-de-seccion-de-internacionalizacion-y-cooperacion-upna","status":"publish","type":"post","link":"https:\/\/sociedadhispanoalemana.com\/de\/alemania-destino-natural-para-un-gran-numero-de-estudiantes-entrevista-a-begona-ballaz-jefa-de-seccion-de-internacionalizacion-y-cooperacion-upna","title":{"rendered":"\u00bfPor qu\u00e9 es Alemania el destino favorito de alumnos de la UPNA?"},"content":{"rendered":"<div data-elementor-type=\"wp-post\" data-elementor-id=\"2574\" class=\"elementor elementor-2574\" data-elementor-post-type=\"post\">\n\t\t\t\t\t\t\t\t\t<section class=\"elementor-section elementor-top-section elementor-element elementor-element-f1e35e5 elementor-section-boxed elementor-section-height-default elementor-section-height-default\" data-id=\"f1e35e5\" data-element_type=\"section\">\n\t\t\t\t\t\t<div class=\"elementor-container elementor-column-gap-default\">\n\t\t\t\t\t<div class=\"elementor-column elementor-col-100 elementor-top-column elementor-element elementor-element-4dcd6cd\" data-id=\"4dcd6cd\" data-element_type=\"column\">\n\t\t\t<div class=\"elementor-widget-wrap elementor-element-populated\">\n\t\t\t\t\t\t\t\t<div class=\"elementor-element elementor-element-9651aa5 elementor-widget elementor-widget-text-editor\" data-id=\"9651aa5\" data-element_type=\"widget\" data-widget_type=\"text-editor.default\">\n\t\t\t\t<div class=\"elementor-widget-container\">\n\t\t\t\t\t\t\t\t\t\t\t\t\t<\/div>\n\t\t\t\t<\/div>\n\t\t\t\t\t<\/div>\n\t\t<\/div>\n\t\t\t\t\t\t\t<\/div>\n\t\t<\/section>\n\t\t\t\t<section class=\"elementor-section elementor-top-section elementor-element elementor-element-bf6c612 elementor-section-boxed elementor-section-height-default elementor-section-height-default\" data-id=\"bf6c612\" data-element_type=\"section\">\n\t\t\t\t\t\t<div class=\"elementor-container elementor-column-gap-default\">\n\t\t\t\t\t<div class=\"elementor-column elementor-col-100 elementor-top-column elementor-element elementor-element-77cb741\" data-id=\"77cb741\" data-element_type=\"column\">\n\t\t\t<div class=\"elementor-widget-wrap elementor-element-populated\">\n\t\t\t\t\t\t\t\t<div class=\"elementor-element elementor-element-850e469 elementor-widget elementor-widget-text-editor\" data-id=\"850e469\" data-element_type=\"widget\" data-widget_type=\"text-editor.default\">\n\t\t\t\t<div class=\"elementor-widget-container\">\n\t\t\t\t\t\t\t<p>El pasado mes de enero sal\u00eda la noticia en prensa de que <a href=\"https:\/\/sociedadhispanoalemana.com\/de\/alemania-polonia-y-belgica-los-destinos-favoritos-de-los-244-alumnos-de-la-upna-que-estudiaran-en-el-extranjero\/\"><b>Alemania era el pa\u00eds favorito de los alumnos de la UPNA para estudiar en el extranjero<\/b>. <\/a>\u00a0Por este motivo, <b>SHANE entrevista hoy a Bego\u00f1a Ballaz<\/b> (Jefa de secci\u00f3n de Internacionalizaci\u00f3n y Cooperaci\u00f3n de la Universidad P\u00fablica de Navarra), <strong>para conocer las motivaciones de los estudiantes para escoger Alemania como destino principal.<\/strong><\/p><p>Adem\u00e1s, nos cuenta sobre los estudiantes que vienen de intercambio a la UPNA, los <b>pa\u00edses de origen m\u00e1s frecuentes<\/b>\u00a0 y en particular, sobre los estudiantes de <b>pa\u00edses germanoparlantes<\/b>.<\/p><p><b>\u00bfCu\u00e1les suelen ser los destinos preferidos por estudiantes a lo largo de los \u00faltimos a\u00f1os?<\/b><\/p><p>En general, podemos decir que los destinos m\u00e1s demandados son los destinos europeos. Si tomamos como referencia el conjunto de los \u00faltimos 5 a\u00f1os, y dejando a un lado el curso 2020-2021 en que la pandemia Covid ha alterado significativamente las cifras de la movilidad internacional, los destinos m\u00e1s populares son <b>Italia, Alemania, Polonia, Francia, Portugal, M\u00e9xico, Chile y B\u00e9lgica<\/b>, por este orden.<\/p><p><b>\u00bfCu\u00e1ntos alumnos parten cada a\u00f1o al extranjero?<\/b> \u00bfHa habido un incremento en el tiempo o est\u00e1 acotado por el n\u00famero de becas? \u00bfSuelen irse por uno o dos semestres?<\/p><p>El n\u00famero de estudiantes de la UPNA que participa en programas de movilidad se incrementa de a\u00f1o en a\u00f1o. Como resultado, en el curso 2015-16 salieron al extranjero 378 estudiantes, mientras que en el curso <b>2019-2020 salieron al extranjero 472<\/b>. En el contexto nacional,<strong> son cifras comparativamente muy elevadas: en torno a un 25% de los estudiantes que egresan cada a\u00f1o por la UPNA han participado en un programa de movilidad internacional. <\/strong><\/p><p>De forma paralela, <b>la universidad incrementa de a\u00f1o en a\u00f1o su red de universidades socias,<\/b> de manera que el incremento de las solicitudes de los estudiantes de participar en un programa de movilidad internacional se traduce en un incremento efectivo de movilidades.<\/p><p>En general <b>la movilidad es semestral: en torno al 85%<\/b> de los estudiantes salen por un semestre y el 15% realizan una movilidad anual.<\/p><p><b>\u00bfCu\u00e1les son los requisitos para obtener este tipo de oportunidad?<\/b><\/p><p>Los estudiantes que quieren participar en un programa de movilidad deben pasar por una <b>convocatoria p\u00fablica<\/b>, en la que se les selecciona por su<b> expediente acad\u00e9mico. Adem\u00e1s, deben <\/b>acreditar que poseen el nivel de idioma requerido por la universidad solicitada.<\/p><p><b>\u00bfPor qu\u00e9 crees que Alemania sea ahora el principal destino de los estudiantes? (suele estar en la terna de principales, pero no suele ser el n\u00famero uno.)<\/b><\/p><p>Hay varias razones por las que Alemania es un destino popular entre los estudiantes de la UPNA. En primer lugar, citar\u00eda la <b>calidad y solidez del sistema de educaci\u00f3n educativo alem\u00e1n<\/b>, en t\u00e9rminos generales. Por otro lado, el peso espec\u00edfico de las titulaciones de <b>ingenier\u00eda en la UPNA<\/b>, unido al <b>liderazgo alem\u00e1n en el contexto internacional del sector<\/b>, <b>convierten a Alemania en un destino natural para un amplio grupo de estudiantes locales. <\/b>En tercer lugar, la <b>creciente oferta de asignaturas en ingl\u00e9s en universidades alemanas<\/b>, y <b>el incremento de la ense\u00f1anza de alem\u00e1n en los colegios navarros<\/b>, facilita el camino para que los estudiantes se desenvuelvan con solvencia en destino, cursando algunas asignaturas en ingl\u00e9s y otras en alem\u00e1n. A todos estos factores hay que a\u00f1adir el <b>trabajo constante de la UPNA para incrementar su red de universidad socias <\/b>con instituciones de muy calidad educativa, en pa\u00edse<b>s y \u00e1reas estrat\u00e9gico<\/b>s, para ampliar la oferta de movilidad internacional de los estudiantes.<\/p><p><b>\u00bfRequieren los alumnos un nivel espec\u00edfico del idioma del pa\u00eds destino para ir?<\/b><\/p><p>S\u00ed, las universidades socias establecen, en sus acuerdos de colaboraci\u00f3n con la Universidad P\u00fablica de Navarra, el nivel espec\u00edfico de idioma requerido. La <b>UPNA verifica que los alumnos acreditan dicho nivel de idioma <\/b>durante su proceso de su selecci\u00f3n.<\/p>\t\t\t\t\t\t<\/div>\n\t\t\t\t<\/div>\n\t\t\t\t\t<\/div>\n\t\t<\/div>\n\t\t\t\t\t\t\t<\/div>\n\t\t<\/section>\n\t\t\t\t<section class=\"elementor-section elementor-top-section elementor-element elementor-element-54d4033 elementor-section-boxed elementor-section-height-default elementor-section-height-default\" data-id=\"54d4033\" data-element_type=\"section\">\n\t\t\t\t\t\t<div class=\"elementor-container elementor-column-gap-default\">\n\t\t\t\t\t<div class=\"elementor-column elementor-col-100 elementor-top-column elementor-element elementor-element-afa3793\" data-id=\"afa3793\" data-element_type=\"column\">\n\t\t\t<div class=\"elementor-widget-wrap elementor-element-populated\">\n\t\t\t\t\t\t\t\t<div class=\"elementor-element elementor-element-d3e55a5 elementor-widget elementor-widget-gallery\" data-id=\"d3e55a5\" data-element_type=\"widget\" data-settings=\"{&quot;gallery_layout&quot;:&quot;masonry&quot;,&quot;overlay_title&quot;:&quot;caption&quot;,&quot;lazyload&quot;:&quot;yes&quot;,&quot;columns&quot;:4,&quot;columns_tablet&quot;:2,&quot;columns_mobile&quot;:1,&quot;gap&quot;:{&quot;unit&quot;:&quot;px&quot;,&quot;size&quot;:10,&quot;sizes&quot;:[]},&quot;gap_tablet&quot;:{&quot;unit&quot;:&quot;px&quot;,&quot;size&quot;:10,&quot;sizes&quot;:[]},&quot;gap_mobile&quot;:{&quot;unit&quot;:&quot;px&quot;,&quot;size&quot;:10,&quot;sizes&quot;:[]},&quot;link_to&quot;:&quot;file&quot;,&quot;overlay_background&quot;:&quot;yes&quot;,&quot;content_hover_animation&quot;:&quot;fade-in&quot;}\" data-widget_type=\"gallery.default\">\n\t\t\t\t<div class=\"elementor-widget-container\">\n\t\t\t\t\t<div class=\"elementor-gallery__container\">\n\t\t\t\t\t\t\t<a class=\"e-gallery-item elementor-gallery-item elementor-animated-content\" href=\"https:\/\/sociedadhispanoalemana.com\/wp-content\/uploads\/2021\/02\/Padagogische-Akademie-des-Bundes-in-Karnte.jpg\" data-elementor-open-lightbox=\"yes\" data-elementor-lightbox-slideshow=\"d3e55a5\" data-elementor-lightbox-title=\"P\u00e4dagogische Akademie des Bundes in K\u00e4rnte\" data-e-action-hash=\"#elementor-action%3Aaction%3Dlightbox%26settings%3DeyJpZCI6MjU5OCwidXJsIjoiaHR0cHM6XC9cL3NvY2llZGFkaGlzcGFub2FsZW1hbmEuY29tXC93cC1jb250ZW50XC91cGxvYWRzXC8yMDIxXC8wMlwvUGFkYWdvZ2lzY2hlLUFrYWRlbWllLWRlcy1CdW5kZXMtaW4tS2FybnRlLmpwZyIsInNsaWRlc2hvdyI6ImQzZTU1YTUifQ%3D%3D\">\n\t\t\t\t\t<div class=\"e-gallery-image elementor-gallery-item__image\" data-thumbnail=\"https:\/\/sociedadhispanoalemana.com\/wp-content\/uploads\/2021\/02\/Padagogische-Akademie-des-Bundes-in-Karnte-300x225.jpg\" data-width=\"300\" data-height=\"225\" aria-label=\"\" role=\"img\" ><\/div>\n\t\t\t\t\t\t\t\t\t\t\t<div class=\"elementor-gallery-item__overlay\"><\/div>\n\t\t\t\t\t\t\t\t\t\t\t\t\t\t\t<div class=\"elementor-gallery-item__content\">\n\t\t\t\t\t\t\t\t\t\t\t\t\t\t<div class=\"elementor-gallery-item__title\">\n\t\t\t\t\t\t\t\t\t\t\t\t\t\t\t\t\t\tP\u00e4dagogische Akademie des Bundes in K\u00e4rnte\t\t\t\t\t\t\t\t<\/div>\n\t\t\t\t\t\t\t\t\t\t\t\t<\/div>\n\t\t\t\t\t\t\t\t\t<\/a>\n\t\t\t\t\t\t\t<a class=\"e-gallery-item elementor-gallery-item elementor-animated-content\" href=\"https:\/\/sociedadhispanoalemana.com\/wp-content\/uploads\/2021\/02\/Kiel.jpg\" data-elementor-open-lightbox=\"yes\" data-elementor-lightbox-slideshow=\"d3e55a5\" data-elementor-lightbox-title=\"Christian-Albrechts-Universit\u00e4t zu Kiel\" data-e-action-hash=\"#elementor-action%3Aaction%3Dlightbox%26settings%3DeyJpZCI6MjU5OSwidXJsIjoiaHR0cHM6XC9cL3NvY2llZGFkaGlzcGFub2FsZW1hbmEuY29tXC93cC1jb250ZW50XC91cGxvYWRzXC8yMDIxXC8wMlwvS2llbC5qcGciLCJzbGlkZXNob3ciOiJkM2U1NWE1In0%3D\">\n\t\t\t\t\t<div class=\"e-gallery-image elementor-gallery-item__image\" data-thumbnail=\"https:\/\/sociedadhispanoalemana.com\/wp-content\/uploads\/2021\/02\/Kiel-300x153.jpg\" data-width=\"300\" data-height=\"153\" aria-label=\"\" role=\"img\" ><\/div>\n\t\t\t\t\t\t\t\t\t\t\t<div class=\"elementor-gallery-item__overlay\"><\/div>\n\t\t\t\t\t\t\t\t\t\t\t\t\t\t\t<div class=\"elementor-gallery-item__content\">\n\t\t\t\t\t\t\t\t\t\t\t\t\t\t<div class=\"elementor-gallery-item__title\">\n\t\t\t\t\t\t\t\t\t\t\t\t\t\t\t\t\t\tChristian-Albrechts-Universit\u00e4t zu Kiel\t\t\t\t\t\t\t\t<\/div>\n\t\t\t\t\t\t\t\t\t\t\t\t<\/div>\n\t\t\t\t\t\t\t\t\t<\/a>\n\t\t\t\t\t\t\t<a class=\"e-gallery-item elementor-gallery-item elementor-animated-content\" href=\"https:\/\/sociedadhispanoalemana.com\/wp-content\/uploads\/2021\/02\/georg-august-uni-goettingen-1.jpg\" data-elementor-open-lightbox=\"yes\" data-elementor-lightbox-slideshow=\"d3e55a5\" data-elementor-lightbox-title=\"Georg-August-Universit\u00e4t G\u00f6ttingen\" data-e-action-hash=\"#elementor-action%3Aaction%3Dlightbox%26settings%3DeyJpZCI6MjYwMSwidXJsIjoiaHR0cHM6XC9cL3NvY2llZGFkaGlzcGFub2FsZW1hbmEuY29tXC93cC1jb250ZW50XC91cGxvYWRzXC8yMDIxXC8wMlwvZ2VvcmctYXVndXN0LXVuaS1nb2V0dGluZ2VuLTEuanBnIiwic2xpZGVzaG93IjoiZDNlNTVhNSJ9\">\n\t\t\t\t\t<div class=\"e-gallery-image elementor-gallery-item__image\" data-thumbnail=\"https:\/\/sociedadhispanoalemana.com\/wp-content\/uploads\/2021\/02\/georg-august-uni-goettingen-1-300x153.jpg\" data-width=\"300\" data-height=\"153\" aria-label=\"\" role=\"img\" ><\/div>\n\t\t\t\t\t\t\t\t\t\t\t<div class=\"elementor-gallery-item__overlay\"><\/div>\n\t\t\t\t\t\t\t\t\t\t\t\t\t\t\t<div class=\"elementor-gallery-item__content\">\n\t\t\t\t\t\t\t\t\t\t\t\t\t\t<div class=\"elementor-gallery-item__title\">\n\t\t\t\t\t\t\t\t\t\t\t\t\t\t\t\t\t\tGeorg-August-Universit\u00e4t G\u00f6ttingen\t\t\t\t\t\t\t\t<\/div>\n\t\t\t\t\t\t\t\t\t\t\t\t<\/div>\n\t\t\t\t\t\t\t\t\t<\/a>\n\t\t\t\t\t\t\t<a class=\"e-gallery-item elementor-gallery-item elementor-animated-content\" href=\"https:\/\/sociedadhispanoalemana.com\/wp-content\/uploads\/2021\/02\/universitaet_Darmstadt.jpg\" data-elementor-open-lightbox=\"yes\" data-elementor-lightbox-slideshow=\"d3e55a5\" data-elementor-lightbox-title=\"Technische Universit\u00e4t Darmstadt\" data-e-action-hash=\"#elementor-action%3Aaction%3Dlightbox%26settings%3DeyJpZCI6MjYwMiwidXJsIjoiaHR0cHM6XC9cL3NvY2llZGFkaGlzcGFub2FsZW1hbmEuY29tXC93cC1jb250ZW50XC91cGxvYWRzXC8yMDIxXC8wMlwvdW5pdmVyc2l0YWV0X0Rhcm1zdGFkdC5qcGciLCJzbGlkZXNob3ciOiJkM2U1NWE1In0%3D\">\n\t\t\t\t\t<div class=\"e-gallery-image elementor-gallery-item__image\" data-thumbnail=\"https:\/\/sociedadhispanoalemana.com\/wp-content\/uploads\/2021\/02\/universitaet_Darmstadt-300x225.jpg\" data-width=\"300\" data-height=\"225\" aria-label=\"\" role=\"img\" ><\/div>\n\t\t\t\t\t\t\t\t\t\t\t<div class=\"elementor-gallery-item__overlay\"><\/div>\n\t\t\t\t\t\t\t\t\t\t\t\t\t\t\t<div class=\"elementor-gallery-item__content\">\n\t\t\t\t\t\t\t\t\t\t\t\t\t\t<div class=\"elementor-gallery-item__title\">\n\t\t\t\t\t\t\t\t\t\t\t\t\t\t\t\t\t\tTechnische Universit\u00e4t Darmstadt\t\t\t\t\t\t\t\t<\/div>\n\t\t\t\t\t\t\t\t\t\t\t\t<\/div>\n\t\t\t\t\t\t\t\t\t<\/a>\n\t\t\t\t\t\t\t<a class=\"e-gallery-item elementor-gallery-item elementor-animated-content\" href=\"https:\/\/sociedadhispanoalemana.com\/wp-content\/uploads\/2021\/02\/RHINE-WAAL-University-of-applied-Sciences.jpg\" data-elementor-open-lightbox=\"yes\" data-elementor-lightbox-slideshow=\"d3e55a5\" data-elementor-lightbox-title=\"Hochschule Rhein-Waal\" data-e-action-hash=\"#elementor-action%3Aaction%3Dlightbox%26settings%3DeyJpZCI6MjYwMywidXJsIjoiaHR0cHM6XC9cL3NvY2llZGFkaGlzcGFub2FsZW1hbmEuY29tXC93cC1jb250ZW50XC91cGxvYWRzXC8yMDIxXC8wMlwvUkhJTkUtV0FBTC1Vbml2ZXJzaXR5LW9mLWFwcGxpZWQtU2NpZW5jZXMuanBnIiwic2xpZGVzaG93IjoiZDNlNTVhNSJ9\">\n\t\t\t\t\t<div class=\"e-gallery-image elementor-gallery-item__image\" data-thumbnail=\"https:\/\/sociedadhispanoalemana.com\/wp-content\/uploads\/2021\/02\/RHINE-WAAL-University-of-applied-Sciences-300x169.jpg\" data-width=\"300\" data-height=\"169\" aria-label=\"\" role=\"img\" ><\/div>\n\t\t\t\t\t\t\t\t\t\t\t<div class=\"elementor-gallery-item__overlay\"><\/div>\n\t\t\t\t\t\t\t\t\t\t\t\t\t\t\t<div class=\"elementor-gallery-item__content\">\n\t\t\t\t\t\t\t\t\t\t\t\t\t\t<div class=\"elementor-gallery-item__title\">\n\t\t\t\t\t\t\t\t\t\t\t\t\t\t\t\t\t\tHochschule Rhein-Waal \t\t\t\t\t\t\t\t<\/div>\n\t\t\t\t\t\t\t\t\t\t\t\t<\/div>\n\t\t\t\t\t\t\t\t\t<\/a>\n\t\t\t\t\t\t\t<a class=\"e-gallery-item elementor-gallery-item elementor-animated-content\" href=\"https:\/\/sociedadhispanoalemana.com\/wp-content\/uploads\/2021\/02\/UPNA.jpg\" data-elementor-open-lightbox=\"yes\" data-elementor-lightbox-slideshow=\"d3e55a5\" data-elementor-lightbox-title=\"UPNA Universidad P\u00fablica de Navarra\" data-e-action-hash=\"#elementor-action%3Aaction%3Dlightbox%26settings%3DeyJpZCI6MjYwNiwidXJsIjoiaHR0cHM6XC9cL3NvY2llZGFkaGlzcGFub2FsZW1hbmEuY29tXC93cC1jb250ZW50XC91cGxvYWRzXC8yMDIxXC8wMlwvVVBOQS5qcGciLCJzbGlkZXNob3ciOiJkM2U1NWE1In0%3D\">\n\t\t\t\t\t<div class=\"e-gallery-image elementor-gallery-item__image\" data-thumbnail=\"https:\/\/sociedadhispanoalemana.com\/wp-content\/uploads\/2021\/02\/UPNA-300x178.jpg\" data-width=\"300\" data-height=\"178\" aria-label=\"\" role=\"img\" ><\/div>\n\t\t\t\t\t\t\t\t\t\t\t<div class=\"elementor-gallery-item__overlay\"><\/div>\n\t\t\t\t\t\t\t\t\t\t\t\t\t\t\t<div class=\"elementor-gallery-item__content\">\n\t\t\t\t\t\t\t\t\t\t\t\t\t\t<div class=\"elementor-gallery-item__title\">\n\t\t\t\t\t\t\t\t\t\t\t\t\t\t\t\t\t\tUPNA Universidad P\u00fablica de Navarra\t\t\t\t\t\t\t\t<\/div>\n\t\t\t\t\t\t\t\t\t\t\t\t<\/div>\n\t\t\t\t\t\t\t\t\t<\/a>\n\t\t\t\t\t\t\t<a class=\"e-gallery-item elementor-gallery-item elementor-animated-content\" href=\"https:\/\/sociedadhispanoalemana.com\/wp-content\/uploads\/2021\/02\/UPB-Herbst-Geba\u0308ude-I-01.jpg\" data-elementor-open-lightbox=\"yes\" data-elementor-lightbox-slideshow=\"d3e55a5\" data-elementor-lightbox-title=\"UPB Universit\u00e4t Paderborn\" data-e-action-hash=\"#elementor-action%3Aaction%3Dlightbox%26settings%3DeyJpZCI6MjY0NiwidXJsIjoiaHR0cHM6XC9cL3NvY2llZGFkaGlzcGFub2FsZW1hbmEuY29tXC93cC1jb250ZW50XC91cGxvYWRzXC8yMDIxXC8wMlwvVVBCLUhlcmJzdC1HZWJhXHUwMzA4dWRlLUktMDEuanBnIiwic2xpZGVzaG93IjoiZDNlNTVhNSJ9\">\n\t\t\t\t\t<div class=\"e-gallery-image elementor-gallery-item__image\" data-thumbnail=\"https:\/\/sociedadhispanoalemana.com\/wp-content\/uploads\/2021\/02\/UPB-Herbst-Geba\u0308ude-I-01-300x150.jpg\" data-width=\"300\" data-height=\"150\" aria-label=\"\" role=\"img\" ><\/div>\n\t\t\t\t\t\t\t\t\t\t\t<div class=\"elementor-gallery-item__overlay\"><\/div>\n\t\t\t\t\t\t\t\t\t\t\t\t\t\t\t<div class=\"elementor-gallery-item__content\">\n\t\t\t\t\t\t\t\t\t\t\t\t\t\t<div class=\"elementor-gallery-item__title\">\n\t\t\t\t\t\t\t\t\t\t\t\t\t\t\t\t\t\tUPB Universit\u00e4t Paderborn\t\t\t\t\t\t\t\t<\/div>\n\t\t\t\t\t\t\t\t\t\t\t\t<\/div>\n\t\t\t\t\t\t\t\t\t<\/a>\n\t\t\t\t\t<\/div>\n\t\t\t<\/div>\n\t\t\t\t<\/div>\n\t\t\t\t\t<\/div>\n\t\t<\/div>\n\t\t\t\t\t\t\t<\/div>\n\t\t<\/section>\n\t\t\t\t<section class=\"elementor-section elementor-top-section elementor-element elementor-element-e4ee3c0 elementor-section-boxed elementor-section-height-default elementor-section-height-default\" data-id=\"e4ee3c0\" data-element_type=\"section\">\n\t\t\t\t\t\t<div class=\"elementor-container elementor-column-gap-default\">\n\t\t\t\t\t<div class=\"elementor-column elementor-col-100 elementor-top-column elementor-element elementor-element-ac47927\" data-id=\"ac47927\" data-element_type=\"column\">\n\t\t\t<div class=\"elementor-widget-wrap elementor-element-populated\">\n\t\t\t\t\t\t\t\t<div class=\"elementor-element elementor-element-6597285 elementor-widget elementor-widget-text-editor\" data-id=\"6597285\" data-element_type=\"widget\" data-widget_type=\"text-editor.default\">\n\t\t\t\t<div class=\"elementor-widget-container\">\n\t\t\t\t\t\t\t<p><strong>\u00bfQu\u00e9 titulaciones son las que m\u00e1s escogen Alemania como destino?<\/strong><\/p><p>Fundamentalmente y por este orden, estudiantes del\u00a0<strong>Grado en Tecnolog\u00edas Industriales, M\u00e1ster en Ingenier\u00eda Industrial, y Doble Grado en Administraci\u00f3n y Direcci\u00f3n de Empresas y Econom\u00eda<\/strong>.<\/p><p><span style=\"font-weight: 400;\">Das <\/span><b>m\u00e1s activo de los convenios con Alemania es el de Paderborn.<\/b>\u00a0 Las cinco universidades alemanas con mayor n\u00famero de movilidad (de mayor a menor): <b>Universit\u00e4t Paderborn, Georg-August-Universit\u00e4t G\u00f6ttingen, Fachhochschule Osnabr\u00fcck, Technische Universit\u00e4t Carolo-Wilhelmina zu Braunschweig, Technische Universit\u00e4t Darmstadt.<\/b><\/p><p><span style=\"font-weight: 400;\">Con <\/span><b>Paderborn la movilidad es en al Facultad de Ciencias Econ\u00f3micas y Empresariales<\/b>. Las dem\u00e1s son m\u00e1s bien de la Escuela Superior de Ingenier\u00eda Industrial, Inform\u00e1tica y de Telecomunicaci\u00f3n.<\/p><p>Y respecto a la otra cara de la moneda,\u00a0<strong>\u00bfc\u00f3mo son las cifras y los pa\u00edses de origen de los estudiantes extranjeros que vienen a la UPNA?<\/strong><\/p><p>El n\u00famero de estudiantes extranjeros que recibe la UPNA en el marco de sus programas de intercambio tambi\u00e9n se incrementa de a\u00f1o en a\u00f1o. En los<strong> \u00faltimos 5 a\u00f1os el n\u00famero de estudiantes extranjeros recibidos en la UPNA se ha\u00a0incrementado en un 35%,<\/strong> pasando de 231 en 2015-2016 a 314 en 2019-2020. El origen de los estudiantes extranjeros m\u00e1s frecuente es el siguiente:\u00a0<strong>M\u00e9xico, Francia, China, Italia y Estados Unidos<\/strong>, por este orden.<\/p><p><strong>\u00bfCu\u00e1ntos estudiantes de pa\u00edses germanoparlantes recibe la universidad por a\u00f1o de media?<\/strong> \u00bfDe qu\u00e9 tipo de estudios suelen ser?<\/p><p>La UPNA recibe una <strong>media de\u00a015 estudiantes germanoparlantes al a\u00f1o.<\/strong> Fundamentalmente son estudiantes de\u00a0<strong>Administraci\u00f3n y Direcci\u00f3n de Empresas y Econom\u00eda<\/strong>, aunque tambi\u00e9n de los\u00a0<strong>Grados de Sociolog\u00eda<\/strong>\u00a0y de\u00a0<strong>Maestro Educaci\u00f3n Primaria<\/strong>.<\/p><p style=\"font-weight: 400;\">\u00a0<\/p><p><strong>\u00bfQu\u00e9 es lo que les atrae de Pamplona y la UPNA como destino?<\/strong><\/p><p>De Pamplona les gusta especialmente que es una ciudad muy segura, manejable, con un <strong>alto nivel cultural y de servicios<\/strong>. Una ciudad c\u00f3moda para el d\u00eda a d\u00eda, y muy bien comunicada con Madrid y con Francia para realizar escapadas el fin de semana, si lo desean. <strong>De la UPNA les atrae la garant\u00eda de una alta calidad educativa y la amplia oferta de asignaturas en ingl\u00e9s<\/strong> que les permite continuar sus estudios sin barreras ling\u00fc\u00edsticas.\u00a0 Adem\u00e1s, valoran muy positivamente el <strong>cuidado en la acogida y la cercan\u00eda de los docentes.<\/strong> En Pamplona tejen una red de amigos que va a acompa\u00f1ar toda la vida y que en muchos casos ser\u00e1n contactos profesionales en el futuro.<\/p>\t\t\t\t\t\t<\/div>\n\t\t\t\t<\/div>\n\t\t\t\t\t<\/div>\n\t\t<\/div>\n\t\t\t\t\t\t\t<\/div>\n\t\t<\/section>\n\t\t\t\t\t\t\t<\/div>","protected":false},"excerpt":{"rendered":"<p>Entrevistamos a la Jefa de secci\u00f3n de Internacionalizaci\u00f3n y Cooperaci\u00f3n de la UPNA para saber las razones de esta preferencia por Alemania como pa\u00eds destino de los estudiantes.<\/p>","protected":false},"author":1,"featured_media":2596,"comment_status":"open","ping_status":"open","sticky":false,"template":"","format":"standard","meta":{"_seopress_robots_primary_cat":"none","site-sidebar-layout":"default","site-content-layout":"default","ast-site-content-layout":"","site-content-style":"default","site-sidebar-style":"default","ast-global-header-display":"","ast-banner-title-visibility":"","ast-main-header-display":"","ast-hfb-above-header-display":"","ast-hfb-below-header-display":"","ast-hfb-mobile-header-display":"","site-post-title":"","ast-breadcrumbs-content":"","ast-featured-img":"","footer-sml-layout":"","theme-transparent-header-meta":"default","adv-header-id-meta":"","stick-header-meta":"","header-above-stick-meta":"","header-main-stick-meta":"","header-below-stick-meta":"","astra-migrate-meta-layouts":"default","ast-page-background-enabled":"default","ast-page-background-meta":{"desktop":{"background-color":"","background-image":"","background-repeat":"repeat","background-position":"center center","background-size":"auto","background-attachment":"scroll","background-type":"","background-media":"","overlay-type":"","overlay-color":"","overlay-opacity":"","overlay-gradient":""},"tablet":{"background-color":"","background-image":"","background-repeat":"repeat","background-position":"center center","background-size":"auto","background-attachment":"scroll","background-type":"","background-media":"","overlay-type":"","overlay-color":"","overlay-opacity":"","overlay-gradient":""},"mobile":{"background-color":"","background-image":"","background-repeat":"repeat","background-position":"center center","background-size":"auto","background-attachment":"scroll","background-type":"","background-media":"","overlay-type":"","overlay-color":"","overlay-opacity":"","overlay-gradient":""}},"ast-content-background-meta":{"desktop":{"background-color":"var(--ast-global-color-5)","background-image":"","background-repeat":"repeat","background-position":"center center","background-size":"auto","background-attachment":"scroll","background-type":"","background-media":"","overlay-type":"","overlay-color":"","overlay-opacity":"","overlay-gradient":""},"tablet":{"background-color":"var(--ast-global-color-5)","background-image":"","background-repeat":"repeat","background-position":"center center","background-size":"auto","background-attachment":"scroll","background-type":"","background-media":"","overlay-type":"","overlay-color":"","overlay-opacity":"","overlay-gradient":""},"mobile":{"background-color":"var(--ast-global-color-5)","background-image":"","background-repeat":"repeat","background-position":"center center","background-size":"auto","background-attachment":"scroll","background-type":"","background-media":"","overlay-type":"","overlay-color":"","overlay-opacity":"","overlay-gradient":""}},"_jetpack_memberships_contains_paid_content":false,"footnotes":"","jetpack_publicize_message":"","jetpack_publicize_feature_enabled":true,"jetpack_social_post_already_shared":false,"jetpack_social_options":{"image_generator_settings":{"template":"highway","default_image_id":0,"font":"","enabled":false},"version":2}},"categories":[37,45,23],"tags":[57,51,58,59,56,55,54],"class_list":["post-2574","post","type-post","status-publish","format-standard","has-post-thumbnail","hentry","category-entrevistas","category-estudiantes","category-noticias","tag-administracion-de-empresas","tag-alemania","tag-educacion-primaria","tag-estudiantes-extranjero","tag-ingenieria","tag-intercambio-universitario","tag-upna"],"jetpack_publicize_connections":[],"jetpack_featured_media_url":"https:\/\/sociedadhispanoalemana.com\/wp-content\/uploads\/2021\/02\/Begona-Ballaz-e1613338622859.jpg","jetpack_sharing_enabled":true,"_links":{"self":[{"href":"https:\/\/sociedadhispanoalemana.com\/de\/wp-json\/wp\/v2\/posts\/2574","targetHints":{"allow":["GET"]}}],"collection":[{"href":"https:\/\/sociedadhispanoalemana.com\/de\/wp-json\/wp\/v2\/posts"}],"about":[{"href":"https:\/\/sociedadhispanoalemana.com\/de\/wp-json\/wp\/v2\/types\/post"}],"author":[{"embeddable":true,"href":"https:\/\/sociedadhispanoalemana.com\/de\/wp-json\/wp\/v2\/users\/1"}],"replies":[{"embeddable":true,"href":"https:\/\/sociedadhispanoalemana.com\/de\/wp-json\/wp\/v2\/comments?post=2574"}],"version-history":[{"count":44,"href":"https:\/\/sociedadhispanoalemana.com\/de\/wp-json\/wp\/v2\/posts\/2574\/revisions"}],"predecessor-version":[{"id":2651,"href":"https:\/\/sociedadhispanoalemana.com\/de\/wp-json\/wp\/v2\/posts\/2574\/revisions\/2651"}],"wp:featuredmedia":[{"embeddable":true,"href":"https:\/\/sociedadhispanoalemana.com\/de\/wp-json\/wp\/v2\/media\/2596"}],"wp:attachment":[{"href":"https:\/\/sociedadhispanoalemana.com\/de\/wp-json\/wp\/v2\/media?parent=2574"}],"wp:term":[{"taxonomy":"category","embeddable":true,"href":"https:\/\/sociedadhispanoalemana.com\/de\/wp-json\/wp\/v2\/categories?post=2574"},{"taxonomy":"post_tag","embeddable":true,"href":"https:\/\/sociedadhispanoalemana.com\/de\/wp-json\/wp\/v2\/tags?post=2574"}],"curies":[{"name":"wp","href":"https:\/\/api.w.org\/{rel}","templated":true}]}}