{"id":2694,"date":"2021-02-23T21:40:08","date_gmt":"2021-02-23T21:40:08","guid":{"rendered":"https:\/\/sociedadhispanoalemana.com\/?p=2694"},"modified":"2021-02-23T21:40:10","modified_gmt":"2021-02-23T21:40:10","slug":"doku-tipp-mit-wanderschafern-durch-navarra","status":"publish","type":"post","link":"https:\/\/sociedadhispanoalemana.com\/de\/doku-tipp-mit-wanderschafern-durch-navarra","title":{"rendered":"Doku Tipp -Mit Wandersch\u00e4fern durch Navarra"},"content":{"rendered":"<p><\/p>\n\n\n\n<p>Letzten Samstag war die Sendung im SWR zu sehen. Sie k\u00f6nnen diese Reisedokumentation jederzeit in der SR Mediathek unter folgedem Link sehen: <a href=\"https:\/\/www.sr-mediathek.de\/index.php?seite=7&amp;id=83909\">Durch die Pyren\u00e4en in Spaniens Grand Canyon<\/a> (Ein Film von Ute Werner)<\/p>\n\n\n\n<p>Mira und Matti aus Saarbr\u00fccken folgen auf ihrer Traumreise den Spuren der Wandersch\u00e4fer von der Sommerweide zur Winterweide. In Spanien, in der Autonomen Gemeinschaft und Provinz Navarra, f\u00fchrt dieser Weg u.a. von den westlichen Pyren\u00e4en durch das Roncal-Tal und \u00fcber die Sierra de Leyre bis in den Naturpark Bardenas Reales.<\/p>\n\n\n\n<figure class=\"wp-block-gallery columns-3 is-cropped wp-block-gallery-1 is-layout-flex wp-block-gallery-is-layout-flex\"><ul class=\"blocks-gallery-grid\"><li class=\"blocks-gallery-item\"><figure><img loading=\"lazy\" decoding=\"async\" width=\"1024\" height=\"576\" src=\"https:\/\/sociedadhispanoalemana.com\/wp-content\/uploads\/2021\/02\/20200208_meine_Traumreise_Pyrenaeen128__v-sr__169__1440-1024x576.jpg\" alt=\"\" data-id=\"2697\" data-full-url=\"https:\/\/sociedadhispanoalemana.com\/wp-content\/uploads\/2021\/02\/20200208_meine_Traumreise_Pyrenaeen128__v-sr__169__1440.jpg\" data-link=\"https:\/\/sociedadhispanoalemana.com\/?attachment_id=2697\" class=\"wp-image-2697\" srcset=\"https:\/\/sociedadhispanoalemana.com\/wp-content\/uploads\/2021\/02\/20200208_meine_Traumreise_Pyrenaeen128__v-sr__169__1440-1024x576.jpg 1024w, https:\/\/sociedadhispanoalemana.com\/wp-content\/uploads\/2021\/02\/20200208_meine_Traumreise_Pyrenaeen128__v-sr__169__1440-300x169.jpg 300w, https:\/\/sociedadhispanoalemana.com\/wp-content\/uploads\/2021\/02\/20200208_meine_Traumreise_Pyrenaeen128__v-sr__169__1440-768x432.jpg 768w, https:\/\/sociedadhispanoalemana.com\/wp-content\/uploads\/2021\/02\/20200208_meine_Traumreise_Pyrenaeen128__v-sr__169__1440-16x9.jpg 16w, https:\/\/sociedadhispanoalemana.com\/wp-content\/uploads\/2021\/02\/20200208_meine_Traumreise_Pyrenaeen128__v-sr__169__1440.jpg 1440w\" sizes=\"auto, (max-width: 1024px) 100vw, 1024px\" \/><\/figure><\/li><li class=\"blocks-gallery-item\"><figure><img loading=\"lazy\" decoding=\"async\" width=\"1024\" height=\"576\" src=\"https:\/\/sociedadhispanoalemana.com\/wp-content\/uploads\/2021\/02\/20200208_meine_Traumreise_Pyrenaeen122__v-sr__169__1440-1024x576.jpg\" alt=\"\" data-id=\"2698\" data-full-url=\"https:\/\/sociedadhispanoalemana.com\/wp-content\/uploads\/2021\/02\/20200208_meine_Traumreise_Pyrenaeen122__v-sr__169__1440.jpg\" data-link=\"https:\/\/sociedadhispanoalemana.com\/?attachment_id=2698\" class=\"wp-image-2698\" srcset=\"https:\/\/sociedadhispanoalemana.com\/wp-content\/uploads\/2021\/02\/20200208_meine_Traumreise_Pyrenaeen122__v-sr__169__1440-1024x576.jpg 1024w, https:\/\/sociedadhispanoalemana.com\/wp-content\/uploads\/2021\/02\/20200208_meine_Traumreise_Pyrenaeen122__v-sr__169__1440-300x169.jpg 300w, https:\/\/sociedadhispanoalemana.com\/wp-content\/uploads\/2021\/02\/20200208_meine_Traumreise_Pyrenaeen122__v-sr__169__1440-768x432.jpg 768w, https:\/\/sociedadhispanoalemana.com\/wp-content\/uploads\/2021\/02\/20200208_meine_Traumreise_Pyrenaeen122__v-sr__169__1440-16x9.jpg 16w, https:\/\/sociedadhispanoalemana.com\/wp-content\/uploads\/2021\/02\/20200208_meine_Traumreise_Pyrenaeen122__v-sr__169__1440.jpg 1440w\" sizes=\"auto, (max-width: 1024px) 100vw, 1024px\" \/><\/figure><\/li><li class=\"blocks-gallery-item\"><figure><img loading=\"lazy\" decoding=\"async\" width=\"1024\" height=\"576\" src=\"https:\/\/sociedadhispanoalemana.com\/wp-content\/uploads\/2021\/02\/20200208_meine_Traumreise_Pyrenaeen132__v-sr__169__1440-1024x576.jpg\" alt=\"\" data-id=\"2699\" data-full-url=\"https:\/\/sociedadhispanoalemana.com\/wp-content\/uploads\/2021\/02\/20200208_meine_Traumreise_Pyrenaeen132__v-sr__169__1440.jpg\" data-link=\"https:\/\/sociedadhispanoalemana.com\/?attachment_id=2699\" class=\"wp-image-2699\" srcset=\"https:\/\/sociedadhispanoalemana.com\/wp-content\/uploads\/2021\/02\/20200208_meine_Traumreise_Pyrenaeen132__v-sr__169__1440-1024x576.jpg 1024w, https:\/\/sociedadhispanoalemana.com\/wp-content\/uploads\/2021\/02\/20200208_meine_Traumreise_Pyrenaeen132__v-sr__169__1440-300x169.jpg 300w, https:\/\/sociedadhispanoalemana.com\/wp-content\/uploads\/2021\/02\/20200208_meine_Traumreise_Pyrenaeen132__v-sr__169__1440-768x432.jpg 768w, https:\/\/sociedadhispanoalemana.com\/wp-content\/uploads\/2021\/02\/20200208_meine_Traumreise_Pyrenaeen132__v-sr__169__1440-16x9.jpg 16w, https:\/\/sociedadhispanoalemana.com\/wp-content\/uploads\/2021\/02\/20200208_meine_Traumreise_Pyrenaeen132__v-sr__169__1440.jpg 1440w\" sizes=\"auto, (max-width: 1024px) 100vw, 1024px\" \/><\/figure><\/li><li class=\"blocks-gallery-item\"><figure><img loading=\"lazy\" decoding=\"async\" width=\"1024\" height=\"576\" src=\"https:\/\/sociedadhispanoalemana.com\/wp-content\/uploads\/2021\/02\/20200208_meine_Traumreise_Pyrenaeen104__v-sr__169__1440-1024x576.jpg\" alt=\"\" data-id=\"2700\" data-full-url=\"https:\/\/sociedadhispanoalemana.com\/wp-content\/uploads\/2021\/02\/20200208_meine_Traumreise_Pyrenaeen104__v-sr__169__1440.jpg\" data-link=\"https:\/\/sociedadhispanoalemana.com\/?attachment_id=2700\" class=\"wp-image-2700\" srcset=\"https:\/\/sociedadhispanoalemana.com\/wp-content\/uploads\/2021\/02\/20200208_meine_Traumreise_Pyrenaeen104__v-sr__169__1440-1024x576.jpg 1024w, https:\/\/sociedadhispanoalemana.com\/wp-content\/uploads\/2021\/02\/20200208_meine_Traumreise_Pyrenaeen104__v-sr__169__1440-300x169.jpg 300w, https:\/\/sociedadhispanoalemana.com\/wp-content\/uploads\/2021\/02\/20200208_meine_Traumreise_Pyrenaeen104__v-sr__169__1440-768x432.jpg 768w, https:\/\/sociedadhispanoalemana.com\/wp-content\/uploads\/2021\/02\/20200208_meine_Traumreise_Pyrenaeen104__v-sr__169__1440-16x9.jpg 16w, https:\/\/sociedadhispanoalemana.com\/wp-content\/uploads\/2021\/02\/20200208_meine_Traumreise_Pyrenaeen104__v-sr__169__1440.jpg 1440w\" sizes=\"auto, (max-width: 1024px) 100vw, 1024px\" \/><\/figure><\/li><li class=\"blocks-gallery-item\"><figure><img loading=\"lazy\" decoding=\"async\" width=\"1024\" height=\"576\" src=\"https:\/\/sociedadhispanoalemana.com\/wp-content\/uploads\/2021\/02\/20200208_meine_Traumreise_Pyrenaeen134__v-sr__169__1440-1024x576.jpg\" alt=\"\" data-id=\"2701\" data-full-url=\"https:\/\/sociedadhispanoalemana.com\/wp-content\/uploads\/2021\/02\/20200208_meine_Traumreise_Pyrenaeen134__v-sr__169__1440.jpg\" data-link=\"https:\/\/sociedadhispanoalemana.com\/?attachment_id=2701\" class=\"wp-image-2701\" srcset=\"https:\/\/sociedadhispanoalemana.com\/wp-content\/uploads\/2021\/02\/20200208_meine_Traumreise_Pyrenaeen134__v-sr__169__1440-1024x576.jpg 1024w, https:\/\/sociedadhispanoalemana.com\/wp-content\/uploads\/2021\/02\/20200208_meine_Traumreise_Pyrenaeen134__v-sr__169__1440-300x169.jpg 300w, https:\/\/sociedadhispanoalemana.com\/wp-content\/uploads\/2021\/02\/20200208_meine_Traumreise_Pyrenaeen134__v-sr__169__1440-768x432.jpg 768w, https:\/\/sociedadhispanoalemana.com\/wp-content\/uploads\/2021\/02\/20200208_meine_Traumreise_Pyrenaeen134__v-sr__169__1440-16x9.jpg 16w, https:\/\/sociedadhispanoalemana.com\/wp-content\/uploads\/2021\/02\/20200208_meine_Traumreise_Pyrenaeen134__v-sr__169__1440.jpg 1440w\" sizes=\"auto, (max-width: 1024px) 100vw, 1024px\" \/><\/figure><\/li><li class=\"blocks-gallery-item\"><figure><img loading=\"lazy\" decoding=\"async\" width=\"834\" height=\"524\" src=\"https:\/\/sociedadhispanoalemana.com\/wp-content\/uploads\/2021\/02\/SWR5.png\" alt=\"\" data-id=\"2702\" data-full-url=\"https:\/\/sociedadhispanoalemana.com\/wp-content\/uploads\/2021\/02\/SWR5.png\" data-link=\"https:\/\/sociedadhispanoalemana.com\/?attachment_id=2702\" class=\"wp-image-2702\" srcset=\"https:\/\/sociedadhispanoalemana.com\/wp-content\/uploads\/2021\/02\/SWR5.png 834w, https:\/\/sociedadhispanoalemana.com\/wp-content\/uploads\/2021\/02\/SWR5-300x188.png 300w, https:\/\/sociedadhispanoalemana.com\/wp-content\/uploads\/2021\/02\/SWR5-768x483.png 768w, https:\/\/sociedadhispanoalemana.com\/wp-content\/uploads\/2021\/02\/SWR5-16x10.png 16w\" sizes=\"auto, (max-width: 834px) 100vw, 834px\" \/><\/figure><\/li><li class=\"blocks-gallery-item\"><figure><img loading=\"lazy\" decoding=\"async\" width=\"810\" height=\"454\" src=\"https:\/\/sociedadhispanoalemana.com\/wp-content\/uploads\/2021\/02\/SW6.png\" alt=\"\" data-id=\"2703\" data-full-url=\"https:\/\/sociedadhispanoalemana.com\/wp-content\/uploads\/2021\/02\/SW6.png\" data-link=\"https:\/\/sociedadhispanoalemana.com\/?attachment_id=2703\" class=\"wp-image-2703\" srcset=\"https:\/\/sociedadhispanoalemana.com\/wp-content\/uploads\/2021\/02\/SW6.png 810w, https:\/\/sociedadhispanoalemana.com\/wp-content\/uploads\/2021\/02\/SW6-300x168.png 300w, https:\/\/sociedadhispanoalemana.com\/wp-content\/uploads\/2021\/02\/SW6-768x430.png 768w, https:\/\/sociedadhispanoalemana.com\/wp-content\/uploads\/2021\/02\/SW6-16x9.png 16w\" sizes=\"auto, (max-width: 810px) 100vw, 810px\" \/><\/figure><\/li><li class=\"blocks-gallery-item\"><figure><img loading=\"lazy\" decoding=\"async\" width=\"812\" height=\"451\" src=\"https:\/\/sociedadhispanoalemana.com\/wp-content\/uploads\/2021\/02\/SWR2.png\" alt=\"\" data-id=\"2704\" data-full-url=\"https:\/\/sociedadhispanoalemana.com\/wp-content\/uploads\/2021\/02\/SWR2.png\" data-link=\"https:\/\/sociedadhispanoalemana.com\/?attachment_id=2704\" class=\"wp-image-2704\" srcset=\"https:\/\/sociedadhispanoalemana.com\/wp-content\/uploads\/2021\/02\/SWR2.png 812w, https:\/\/sociedadhispanoalemana.com\/wp-content\/uploads\/2021\/02\/SWR2-300x167.png 300w, https:\/\/sociedadhispanoalemana.com\/wp-content\/uploads\/2021\/02\/SWR2-768x427.png 768w, https:\/\/sociedadhispanoalemana.com\/wp-content\/uploads\/2021\/02\/SWR2-16x9.png 16w\" sizes=\"auto, (max-width: 812px) 100vw, 812px\" \/><\/figure><\/li><li class=\"blocks-gallery-item\"><figure><img loading=\"lazy\" decoding=\"async\" width=\"806\" height=\"452\" src=\"https:\/\/sociedadhispanoalemana.com\/wp-content\/uploads\/2021\/02\/SWR1.png\" alt=\"\" data-id=\"2705\" data-full-url=\"https:\/\/sociedadhispanoalemana.com\/wp-content\/uploads\/2021\/02\/SWR1.png\" data-link=\"https:\/\/sociedadhispanoalemana.com\/?attachment_id=2705\" class=\"wp-image-2705\" srcset=\"https:\/\/sociedadhispanoalemana.com\/wp-content\/uploads\/2021\/02\/SWR1.png 806w, https:\/\/sociedadhispanoalemana.com\/wp-content\/uploads\/2021\/02\/SWR1-300x168.png 300w, https:\/\/sociedadhispanoalemana.com\/wp-content\/uploads\/2021\/02\/SWR1-768x431.png 768w, https:\/\/sociedadhispanoalemana.com\/wp-content\/uploads\/2021\/02\/SWR1-16x9.png 16w\" sizes=\"auto, (max-width: 806px) 100vw, 806px\" \/><\/figure><\/li><\/ul><\/figure>\n\n\n\n<p>Seit dem Mittelalter gehen die Wandersch\u00e4fer mit ihren Herden diesen Weg ins Tal, da die Pyren\u00e4en im Winter tief verschneit sind. Transhumanz, so nennt sich der Wanderzyklus. Zwei der Sch\u00e4fer lernen Mira und Matti kennen. Ihre Winterweide haben die Schafe in einem Wunder der Natur: Der Naturpark Bardenas Reales ist eine Halbw\u00fcste mit bizarren Felsformationen \u00e4hnlich wie im Grand Canyon in den USA. Selbst in Spanien wissen viele nichts von dieser au\u00dfergew\u00f6hnlichen Landschaft, geschweige denn in Deutschland. Sie ist der H\u00f6hepunkt der Reise von Mira und Matti.<\/p>\n\n\n\n<p>Quelle: <a href=\"https:\/\/www.sr-mediathek.de\/index.php?seite=7&amp;id=83909\" target=\"_blank\" rel=\"noreferrer noopener\">https:\/\/www.sr-mediathek.de\/index.php?seite=7&amp;id=83909<\/a><\/p>","protected":false},"excerpt":{"rendered":"<p>Die Saarbr\u00fccker Mira Grumbrecht und Matti Henn haben sich ihren Traum erf\u00fcllt und sind den Wegen der Wandersch\u00e4fer durch die spektakul\u00e4re Landschaft der Pyren\u00e4en in Spanien gefolgt. Ihre Tour beginnt in der Bergwelt der westlichen Pyren\u00e4en, f\u00fchrt \u00fcber das Roncal-Tal bis zur Sierra de Leyre und endet im Naturpark \u00abBardenas Reales\u00bb.<\/p>","protected":false},"author":1,"featured_media":2697,"comment_status":"open","ping_status":"open","sticky":false,"template":"","format":"standard","meta":{"_seopress_robots_primary_cat":"none","site-sidebar-layout":"default","site-content-layout":"default","ast-site-content-layout":"","site-content-style":"default","site-sidebar-style":"default","ast-global-header-display":"","ast-banner-title-visibility":"","ast-main-header-display":"","ast-hfb-above-header-display":"","ast-hfb-below-header-display":"","ast-hfb-mobile-header-display":"","site-post-title":"","ast-breadcrumbs-content":"","ast-featured-img":"","footer-sml-layout":"","theme-transparent-header-meta":"default","adv-header-id-meta":"","stick-header-meta":"","header-above-stick-meta":"","header-main-stick-meta":"","header-below-stick-meta":"","astra-migrate-meta-layouts":"default","ast-page-background-enabled":"default","ast-page-background-meta":{"desktop":{"background-color":"","background-image":"","background-repeat":"repeat","background-position":"center center","background-size":"auto","background-attachment":"scroll","background-type":"","background-media":"","overlay-type":"","overlay-color":"","overlay-opacity":"","overlay-gradient":""},"tablet":{"background-color":"","background-image":"","background-repeat":"repeat","background-position":"center center","background-size":"auto","background-attachment":"scroll","background-type":"","background-media":"","overlay-type":"","overlay-color":"","overlay-opacity":"","overlay-gradient":""},"mobile":{"background-color":"","background-image":"","background-repeat":"repeat","background-position":"center center","background-size":"auto","background-attachment":"scroll","background-type":"","background-media":"","overlay-type":"","overlay-color":"","overlay-opacity":"","overlay-gradient":""}},"ast-content-background-meta":{"desktop":{"background-color":"var(--ast-global-color-5)","background-image":"","background-repeat":"repeat","background-position":"center center","background-size":"auto","background-attachment":"scroll","background-type":"","background-media":"","overlay-type":"","overlay-color":"","overlay-opacity":"","overlay-gradient":""},"tablet":{"background-color":"var(--ast-global-color-5)","background-image":"","background-repeat":"repeat","background-position":"center center","background-size":"auto","background-attachment":"scroll","background-type":"","background-media":"","overlay-type":"","overlay-color":"","overlay-opacity":"","overlay-gradient":""},"mobile":{"background-color":"var(--ast-global-color-5)","background-image":"","background-repeat":"repeat","background-position":"center center","background-size":"auto","background-attachment":"scroll","background-type":"","background-media":"","overlay-type":"","overlay-color":"","overlay-opacity":"","overlay-gradient":""}},"_jetpack_memberships_contains_paid_content":false,"footnotes":"","jetpack_publicize_message":"","jetpack_publicize_feature_enabled":true,"jetpack_social_post_already_shared":false,"jetpack_social_options":{"image_generator_settings":{"template":"highway","default_image_id":0,"font":"","enabled":false},"version":2}},"categories":[13,60,23],"tags":[],"class_list":["post-2694","post","type-post","status-publish","format-standard","has-post-thumbnail","hentry","category-actualidad","category-documentales","category-noticias"],"jetpack_publicize_connections":[],"jetpack_featured_media_url":"https:\/\/sociedadhispanoalemana.com\/wp-content\/uploads\/2021\/02\/20200208_meine_Traumreise_Pyrenaeen128__v-sr__169__1440.jpg","jetpack_sharing_enabled":true,"_links":{"self":[{"href":"https:\/\/sociedadhispanoalemana.com\/de\/wp-json\/wp\/v2\/posts\/2694","targetHints":{"allow":["GET"]}}],"collection":[{"href":"https:\/\/sociedadhispanoalemana.com\/de\/wp-json\/wp\/v2\/posts"}],"about":[{"href":"https:\/\/sociedadhispanoalemana.com\/de\/wp-json\/wp\/v2\/types\/post"}],"author":[{"embeddable":true,"href":"https:\/\/sociedadhispanoalemana.com\/de\/wp-json\/wp\/v2\/users\/1"}],"replies":[{"embeddable":true,"href":"https:\/\/sociedadhispanoalemana.com\/de\/wp-json\/wp\/v2\/comments?post=2694"}],"version-history":[{"count":3,"href":"https:\/\/sociedadhispanoalemana.com\/de\/wp-json\/wp\/v2\/posts\/2694\/revisions"}],"predecessor-version":[{"id":2707,"href":"https:\/\/sociedadhispanoalemana.com\/de\/wp-json\/wp\/v2\/posts\/2694\/revisions\/2707"}],"wp:featuredmedia":[{"embeddable":true,"href":"https:\/\/sociedadhispanoalemana.com\/de\/wp-json\/wp\/v2\/media\/2697"}],"wp:attachment":[{"href":"https:\/\/sociedadhispanoalemana.com\/de\/wp-json\/wp\/v2\/media?parent=2694"}],"wp:term":[{"taxonomy":"category","embeddable":true,"href":"https:\/\/sociedadhispanoalemana.com\/de\/wp-json\/wp\/v2\/categories?post=2694"},{"taxonomy":"post_tag","embeddable":true,"href":"https:\/\/sociedadhispanoalemana.com\/de\/wp-json\/wp\/v2\/tags?post=2694"}],"curies":[{"name":"wp","href":"https:\/\/api.w.org\/{rel}","templated":true}]}}