{"id":2787,"date":"2021-03-14T22:16:05","date_gmt":"2021-03-14T22:16:05","guid":{"rendered":"https:\/\/sociedadhispanoalemana.com\/?p=2787"},"modified":"2021-03-14T22:16:06","modified_gmt":"2021-03-14T22:16:06","slug":"navarra-fruher-ein-konigreich-heute-rennsport-idyll","status":"publish","type":"post","link":"https:\/\/sociedadhispanoalemana.com\/de\/navarra-fruher-ein-konigreich-heute-rennsport-idyll","title":{"rendered":"Navarra: Fr\u00fcher ein K\u00f6nigreich, heute Rennsport-Idyll"},"content":{"rendered":"<p>Spanien ist nicht arm an Rennstrecken. Viele Pisten sind klein oder haben ihre besten Jahre hinter sich, doch f\u00fcr Trainings auf h\u00f6chstem Niveau gibt es dennoch eine gro\u00dfe Auswahl: Neben den WM-Strecken in Arag\u00f3n, Barcelona, Valencia und Jerez bieten sich Albacete, Almeria, Alcarras, Cartagena oder Navarra an \u2013 und das sind l\u00e4ngst nicht alle.<\/p>\n\n\n\n<figure class=\"wp-block-image size-large\"><img loading=\"lazy\" decoding=\"async\" width=\"704\" height=\"337\" src=\"https:\/\/sociedadhispanoalemana.com\/wp-content\/uploads\/2021\/03\/Circuito_de_Navarra_el_circuito_del_Norte_02_circuitodenavarra_dot_com.png\" alt=\"\" class=\"wp-image-2789\" srcset=\"https:\/\/sociedadhispanoalemana.com\/wp-content\/uploads\/2021\/03\/Circuito_de_Navarra_el_circuito_del_Norte_02_circuitodenavarra_dot_com.png 704w, https:\/\/sociedadhispanoalemana.com\/wp-content\/uploads\/2021\/03\/Circuito_de_Navarra_el_circuito_del_Norte_02_circuitodenavarra_dot_com-300x144.png 300w, https:\/\/sociedadhispanoalemana.com\/wp-content\/uploads\/2021\/03\/Circuito_de_Navarra_el_circuito_del_Norte_02_circuitodenavarra_dot_com-16x8.png 16w\" sizes=\"auto, (max-width: 704px) 100vw, 704px\" \/><\/figure>\n\n\n\n<p>Der Circuito Navarra hat nun den Sprung in die erste Liga geschafft und veranstaltet am 21.\/22. August ein Meeting der Superbike-WM 2021. Die 3933 Meter lange Rennstrecke wurde im Juni 2010 fertiggestellt. Auf der leicht h\u00fcgeligen Strecke gibt es sechs Links- und neun Rechtskurven; die l\u00e4ngste Gerade misst 800 Meter.<\/p>\n\n\n\n<p>Die spanische Meisterschaft CEV gastierte zwischen 2012 und 2015 in Navarra, entsprechend haben viele Piloten gute Streckenkenntnisse, was beim anstehenden Meeting ein Vorteil sein kann. Supersport-Pilot Steven Odendaal (Yamaha) fuhr w\u00e4hrend seiner Zeit in der Moto2-EM f\u00fcnf Rennen auf der bei Los Arcos im Norden von Spanien gelegenen Piste.<\/p>\n\n\n\n<p>\u00abIch kenne den Circuito de Navarra. Es ist eine ziemlich sch\u00f6ne Strecke, die mir sehr gut gefallen hat\u00bb, sagte der S\u00fcdafrikaner. \u00abDie Strecke hat von allem etwas. Die erste Kurve f\u00e4hrt man fast bei Vollgas im sechsten Gang an. Im hinteren Abschnitt gibt es einige sehr enge Kurven. Es ist eine ziemlich gute Mischung. Man braucht dort ein gutes Setup, da die Strecke recht komplex ist.\u00bb<\/p>\n\n\n\n<figure class=\"wp-block-image size-large\"><img loading=\"lazy\" decoding=\"async\" width=\"704\" height=\"452\" src=\"https:\/\/sociedadhispanoalemana.com\/wp-content\/uploads\/2021\/03\/Circuito_de_Navarra_el_circuito_del_Norte_03_circuitodenavarra_dot_com.png\" alt=\"\" class=\"wp-image-2790\" srcset=\"https:\/\/sociedadhispanoalemana.com\/wp-content\/uploads\/2021\/03\/Circuito_de_Navarra_el_circuito_del_Norte_03_circuitodenavarra_dot_com.png 704w, https:\/\/sociedadhispanoalemana.com\/wp-content\/uploads\/2021\/03\/Circuito_de_Navarra_el_circuito_del_Norte_03_circuitodenavarra_dot_com-300x193.png 300w, https:\/\/sociedadhispanoalemana.com\/wp-content\/uploads\/2021\/03\/Circuito_de_Navarra_el_circuito_del_Norte_03_circuitodenavarra_dot_com-16x10.png 16w\" sizes=\"auto, (max-width: 704px) 100vw, 704px\" \/><\/figure>\n\n\n\n<p>Der 28-J\u00e4hrige erwartet spannende Rennen.<\/p>\n\n\n\n<p>\u00abDefinitiv wird es dort gro\u00dfartiges Racing\u00bb, ist Odendaal \u00fcberzeugt. \u00abDer erste Teil ist sehr flie\u00dfend ist und der zweite Teil ziemlich kurvig und technisch. Das ist gut f\u00fcr die Show. Ich freue mich sehr darauf, dorthin zur\u00fcckzukehren!\u00bb<\/p>\n\n\n\n<ul class=\"wp-block-list\"><li>Mehr bei SPEEDWEEK.COM: https:\/\/www.speedweek.com\/ssp\/news\/172552\/SBK-WM-2021-in-Navarra-Piloten-reagieren-positiv.html<\/li><\/ul>","protected":false},"excerpt":{"rendered":"<p>Die Superbike-WM 2021 bekommt mit dem Circuito Navarra einen neuen Austragungsort. Viele Teilnehmer begr\u00fc\u00dfen die Wahl der Rennstrecke im Norden Spaniens.<\/p>","protected":false},"author":1,"featured_media":2789,"comment_status":"open","ping_status":"open","sticky":false,"template":"","format":"standard","meta":{"_seopress_robots_primary_cat":"none","site-sidebar-layout":"default","site-content-layout":"default","ast-site-content-layout":"","site-content-style":"default","site-sidebar-style":"default","ast-global-header-display":"","ast-banner-title-visibility":"","ast-main-header-display":"","ast-hfb-above-header-display":"","ast-hfb-below-header-display":"","ast-hfb-mobile-header-display":"","site-post-title":"","ast-breadcrumbs-content":"","ast-featured-img":"","footer-sml-layout":"","theme-transparent-header-meta":"default","adv-header-id-meta":"","stick-header-meta":"","header-above-stick-meta":"","header-main-stick-meta":"","header-below-stick-meta":"","astra-migrate-meta-layouts":"default","ast-page-background-enabled":"default","ast-page-background-meta":{"desktop":{"background-color":"","background-image":"","background-repeat":"repeat","background-position":"center center","background-size":"auto","background-attachment":"scroll","background-type":"","background-media":"","overlay-type":"","overlay-color":"","overlay-opacity":"","overlay-gradient":""},"tablet":{"background-color":"","background-image":"","background-repeat":"repeat","background-position":"center center","background-size":"auto","background-attachment":"scroll","background-type":"","background-media":"","overlay-type":"","overlay-color":"","overlay-opacity":"","overlay-gradient":""},"mobile":{"background-color":"","background-image":"","background-repeat":"repeat","background-position":"center center","background-size":"auto","background-attachment":"scroll","background-type":"","background-media":"","overlay-type":"","overlay-color":"","overlay-opacity":"","overlay-gradient":""}},"ast-content-background-meta":{"desktop":{"background-color":"var(--ast-global-color-5)","background-image":"","background-repeat":"repeat","background-position":"center center","background-size":"auto","background-attachment":"scroll","background-type":"","background-media":"","overlay-type":"","overlay-color":"","overlay-opacity":"","overlay-gradient":""},"tablet":{"background-color":"var(--ast-global-color-5)","background-image":"","background-repeat":"repeat","background-position":"center center","background-size":"auto","background-attachment":"scroll","background-type":"","background-media":"","overlay-type":"","overlay-color":"","overlay-opacity":"","overlay-gradient":""},"mobile":{"background-color":"var(--ast-global-color-5)","background-image":"","background-repeat":"repeat","background-position":"center center","background-size":"auto","background-attachment":"scroll","background-type":"","background-media":"","overlay-type":"","overlay-color":"","overlay-opacity":"","overlay-gradient":""}},"_jetpack_memberships_contains_paid_content":false,"footnotes":"","jetpack_publicize_message":"","jetpack_publicize_feature_enabled":true,"jetpack_social_post_already_shared":false,"jetpack_social_options":{"image_generator_settings":{"template":"highway","default_image_id":0,"font":"","enabled":false},"version":2}},"categories":[13,23],"tags":[],"class_list":["post-2787","post","type-post","status-publish","format-standard","has-post-thumbnail","hentry","category-actualidad","category-noticias"],"jetpack_publicize_connections":[],"jetpack_featured_media_url":"https:\/\/sociedadhispanoalemana.com\/wp-content\/uploads\/2021\/03\/Circuito_de_Navarra_el_circuito_del_Norte_02_circuitodenavarra_dot_com.png","jetpack_sharing_enabled":true,"_links":{"self":[{"href":"https:\/\/sociedadhispanoalemana.com\/de\/wp-json\/wp\/v2\/posts\/2787","targetHints":{"allow":["GET"]}}],"collection":[{"href":"https:\/\/sociedadhispanoalemana.com\/de\/wp-json\/wp\/v2\/posts"}],"about":[{"href":"https:\/\/sociedadhispanoalemana.com\/de\/wp-json\/wp\/v2\/types\/post"}],"author":[{"embeddable":true,"href":"https:\/\/sociedadhispanoalemana.com\/de\/wp-json\/wp\/v2\/users\/1"}],"replies":[{"embeddable":true,"href":"https:\/\/sociedadhispanoalemana.com\/de\/wp-json\/wp\/v2\/comments?post=2787"}],"version-history":[{"count":1,"href":"https:\/\/sociedadhispanoalemana.com\/de\/wp-json\/wp\/v2\/posts\/2787\/revisions"}],"predecessor-version":[{"id":2791,"href":"https:\/\/sociedadhispanoalemana.com\/de\/wp-json\/wp\/v2\/posts\/2787\/revisions\/2791"}],"wp:featuredmedia":[{"embeddable":true,"href":"https:\/\/sociedadhispanoalemana.com\/de\/wp-json\/wp\/v2\/media\/2789"}],"wp:attachment":[{"href":"https:\/\/sociedadhispanoalemana.com\/de\/wp-json\/wp\/v2\/media?parent=2787"}],"wp:term":[{"taxonomy":"category","embeddable":true,"href":"https:\/\/sociedadhispanoalemana.com\/de\/wp-json\/wp\/v2\/categories?post=2787"},{"taxonomy":"post_tag","embeddable":true,"href":"https:\/\/sociedadhispanoalemana.com\/de\/wp-json\/wp\/v2\/tags?post=2787"}],"curies":[{"name":"wp","href":"https:\/\/api.w.org\/{rel}","templated":true}]}}