{"id":2792,"date":"2021-03-14T22:50:55","date_gmt":"2021-03-14T22:50:55","guid":{"rendered":"https:\/\/sociedadhispanoalemana.com\/?p=2792"},"modified":"2021-03-14T22:50:57","modified_gmt":"2021-03-14T22:50:57","slug":"avanzan-los-planes-de-volkswagen-para-la-electrificacion-del-vehiculo-pequeno-y-mediano","status":"publish","type":"post","link":"https:\/\/sociedadhispanoalemana.com\/de\/avanzan-los-planes-de-volkswagen-para-la-electrificacion-del-vehiculo-pequeno-y-mediano","title":{"rendered":"Avanzan los planes de Volkswagen para la electrificaci\u00f3n del veh\u00edculo peque\u00f1o y mediano."},"content":{"rendered":"<p>Navarra se beneficiar\u00e1, a trav\u00e9s de la planta de Volkswagen (VW)en Landaben, de la primera f\u00e1brica de bater\u00edas para autom\u00f3viles el\u00e9ctricos que el Gobierno espa\u00f1ol impulsar\u00e1 en Martorell (Barcelona) mediante un consorcio formado por la compa\u00f1\u00eda automovil\u00edstica alemana, Seat e Iberdrola. La ministra de Asuntos Exteriores, Uni\u00f3n Europea y Cooperaci\u00f3n, Arancha Gonz\u00e1lez Laya, destac\u00f3 ayer en Pamplona la trascendencia que tendr\u00e1 la nueva factor\u00eda.<\/p>\n\n\n\n<figure class=\"wp-block-image size-large\"><img loading=\"lazy\" decoding=\"async\" width=\"1024\" height=\"697\" src=\"https:\/\/sociedadhispanoalemana.com\/wp-content\/uploads\/2021\/03\/imagen-del-modelo-seat-ibiza-fabricado-en-martorell-1024x697.jpeg\" alt=\"\" class=\"wp-image-2794\" srcset=\"https:\/\/sociedadhispanoalemana.com\/wp-content\/uploads\/2021\/03\/imagen-del-modelo-seat-ibiza-fabricado-en-martorell-1024x697.jpeg 1024w, https:\/\/sociedadhispanoalemana.com\/wp-content\/uploads\/2021\/03\/imagen-del-modelo-seat-ibiza-fabricado-en-martorell-300x204.jpeg 300w, https:\/\/sociedadhispanoalemana.com\/wp-content\/uploads\/2021\/03\/imagen-del-modelo-seat-ibiza-fabricado-en-martorell-768x523.jpeg 768w, https:\/\/sociedadhispanoalemana.com\/wp-content\/uploads\/2021\/03\/imagen-del-modelo-seat-ibiza-fabricado-en-martorell-16x12.jpeg 16w, https:\/\/sociedadhispanoalemana.com\/wp-content\/uploads\/2021\/03\/imagen-del-modelo-seat-ibiza-fabricado-en-martorell.jpeg 1400w\" sizes=\"auto, (max-width: 1024px) 100vw, 1024px\" \/><\/figure>\n\n\n\n<p>VW pretende, no obstante, recortar los costes fijos en un 5% y los de materiales en un 7% antes de 2023 a pesar de los buenos resultados que present\u00f3 ayer: en 2020 obtuvo beneficios tanto en Norteam\u00e9rica y Sudam\u00e9rica aunque las ventas cayeran el 15% y el 30%, respectivamente; mientras que espera que las compras de el\u00e9ctricos crezcan el 70% en Europa y el 50% en China y EEUU.<\/p>\n\n\n\n<p>Tras reunirse en el Palacio de Navarra con la presidenta Mar\u00eda Chivite y consejeros del Gobierno foral, la ministra declar\u00f3 que \u00abel anuncio de Volkswagen de avanzar sus planes de electrificaci\u00f3n del veh\u00edculo peque\u00f1o y mediano\u00bb tiene \u00abuna gran importancia para una comunidad que alberga una gran parte de la fabricaci\u00f3n de Volkswagen\u00bb en el Estado, por lo que las noticias \u00abno pueden ser sino buenas\u00bb, destac\u00f3 en conferencia de prensa.<\/p>\n\n\n\n<p>La ministra afirm\u00f3 que esta iniciativa \u00absupone un impulso para nuestro pa\u00eds, un compromiso con la descarbonizaci\u00f3n y una respuesta muy clara de d\u00f3nde Espa\u00f1a ve su futuro industrial y la generaci\u00f3n de empleo en el futuro\u00bb. En la reuni\u00f3n de ayer, desvel\u00f3, tambi\u00e9n se trataron los proyectos de Navarra con los fondos de recuperaci\u00f3n de la pandemia, que ve \u00abcon gran entusiasmo\u00bb, as\u00ed como \u00ablas sanciones comerciales que en estos momentos Estados Unidos impone a productos espa\u00f1oles\u00bb y que afectan al sector agroalimentario navarro. La ministra transmiti\u00f3 \u00abel compromiso muy claro del Gobierno de Espa\u00f1a, junto a la Comisi\u00f3n Europea, para el levantamiento de esas sanciones\u00bb y confi\u00f3 en que \u00aben un futuro no muy lejano, m\u00e1s bien en un futuro pr\u00f3ximo, podamos tener buenas noticias en ese \u00e1mbito\u00bb.<\/p>\n\n\n\n<figure class=\"wp-block-image size-large\"><img loading=\"lazy\" decoding=\"async\" width=\"690\" height=\"458\" src=\"https:\/\/sociedadhispanoalemana.com\/wp-content\/uploads\/2021\/03\/navarra-beneficiara-1.jpg\" alt=\"\" class=\"wp-image-2796\" srcset=\"https:\/\/sociedadhispanoalemana.com\/wp-content\/uploads\/2021\/03\/navarra-beneficiara-1.jpg 690w, https:\/\/sociedadhispanoalemana.com\/wp-content\/uploads\/2021\/03\/navarra-beneficiara-1-300x199.jpg 300w, https:\/\/sociedadhispanoalemana.com\/wp-content\/uploads\/2021\/03\/navarra-beneficiara-1-16x12.jpg 16w\" sizes=\"auto, (max-width: 690px) 100vw, 690px\" \/><\/figure>\n\n\n\n<p>Otro de los temas que se trataron fue el del brexit, ya que el Reino Unido es \u00abun mercado prioritario para las exportaciones navarras\u00bb, apunt\u00f3 la ministra, quien consider\u00f3 que \u00ablas empresas navarras han sabido adaptarse a las nuevas reglas del comercio\u00bb con este estado, aunque \u00abtodav\u00eda hay un cap\u00edtulo que se debe trabajar, el de la ciudadan\u00eda\u00bb, concret\u00f3. Mientras tanto, el presidente del grupo Volkswagen, Herbert Diess, se encontraba en Martorell ante Felipe VI y el jefe del Gobierno, Pedro S\u00e1nchez, presentando la iniciativa de la fabricaci\u00f3n de bater\u00edas en la planta local de Seat, del grupo Volkswagen. La compa\u00f1\u00eda alemana confirm\u00f3 que, adem\u00e1s, producir\u00e1 veh\u00edculos el\u00e9ctricos desde esa misma planta.<\/p>\n\n\n\n<p>El m\u00e1ximo responsable del consorcio alem\u00e1n del que forma parte Seat aprovech\u00f3 el evento institucional para conmemorar el 70 aniversario de la marca espa\u00f1ola y ratificar este compromiso y la inversi\u00f3n de 5.000 millones en Espa\u00f1a hasta 2025 avanzada en julio del a\u00f1o pasado. En la visita tambi\u00e9n particip\u00f3 Reyes Maroto, despu\u00e9s de que el Gobierno diera a conocer que la primera f\u00e1brica de bater\u00edas el\u00e9ctricas de Espa\u00f1a, una alianza entre el Gobierno, Seat e Iberdrola, se situar\u00e1 \u00abcerca\u00bb de la planta en Martorell.<\/p>\n\n\n\n<figure class=\"wp-block-image size-large\"><img loading=\"lazy\" decoding=\"async\" width=\"1024\" height=\"576\" src=\"https:\/\/sociedadhispanoalemana.com\/wp-content\/uploads\/2021\/03\/coche-1024x576.jpg\" alt=\"\" class=\"wp-image-2795\" srcset=\"https:\/\/sociedadhispanoalemana.com\/wp-content\/uploads\/2021\/03\/coche-1024x576.jpg 1024w, https:\/\/sociedadhispanoalemana.com\/wp-content\/uploads\/2021\/03\/coche-300x169.jpg 300w, https:\/\/sociedadhispanoalemana.com\/wp-content\/uploads\/2021\/03\/coche-768x432.jpg 768w, https:\/\/sociedadhispanoalemana.com\/wp-content\/uploads\/2021\/03\/coche-16x9.jpg 16w, https:\/\/sociedadhispanoalemana.com\/wp-content\/uploads\/2021\/03\/coche.jpg 1200w\" sizes=\"auto, (max-width: 1024px) 100vw, 1024px\" \/><\/figure>\n\n\n\n<p>Fuente:https:\/\/www.noticiasdenavarra.com\/economia\/2021\/03\/06\/navarra-beneficiara-impulso-vw-coche\/1126386.html<\/p>","protected":false},"excerpt":{"rendered":"<p>Navarra se beneficiar\u00e1 del impulso de VW al coche el\u00e9ctrico en Martorell<\/p>","protected":false},"author":1,"featured_media":2796,"comment_status":"open","ping_status":"open","sticky":false,"template":"","format":"standard","meta":{"_seopress_robots_primary_cat":"none","site-sidebar-layout":"default","site-content-layout":"default","ast-site-content-layout":"","site-content-style":"default","site-sidebar-style":"default","ast-global-header-display":"","ast-banner-title-visibility":"","ast-main-header-display":"","ast-hfb-above-header-display":"","ast-hfb-below-header-display":"","ast-hfb-mobile-header-display":"","site-post-title":"","ast-breadcrumbs-content":"","ast-featured-img":"","footer-sml-layout":"","theme-transparent-header-meta":"default","adv-header-id-meta":"","stick-header-meta":"","header-above-stick-meta":"","header-main-stick-meta":"","header-below-stick-meta":"","astra-migrate-meta-layouts":"default","ast-page-background-enabled":"default","ast-page-background-meta":{"desktop":{"background-color":"","background-image":"","background-repeat":"repeat","background-position":"center center","background-size":"auto","background-attachment":"scroll","background-type":"","background-media":"","overlay-type":"","overlay-color":"","overlay-opacity":"","overlay-gradient":""},"tablet":{"background-color":"","background-image":"","background-repeat":"repeat","background-position":"center center","background-size":"auto","background-attachment":"scroll","background-type":"","background-media":"","overlay-type":"","overlay-color":"","overlay-opacity":"","overlay-gradient":""},"mobile":{"background-color":"","background-image":"","background-repeat":"repeat","background-position":"center center","background-size":"auto","background-attachment":"scroll","background-type":"","background-media":"","overlay-type":"","overlay-color":"","overlay-opacity":"","overlay-gradient":""}},"ast-content-background-meta":{"desktop":{"background-color":"var(--ast-global-color-5)","background-image":"","background-repeat":"repeat","background-position":"center center","background-size":"auto","background-attachment":"scroll","background-type":"","background-media":"","overlay-type":"","overlay-color":"","overlay-opacity":"","overlay-gradient":""},"tablet":{"background-color":"var(--ast-global-color-5)","background-image":"","background-repeat":"repeat","background-position":"center center","background-size":"auto","background-attachment":"scroll","background-type":"","background-media":"","overlay-type":"","overlay-color":"","overlay-opacity":"","overlay-gradient":""},"mobile":{"background-color":"var(--ast-global-color-5)","background-image":"","background-repeat":"repeat","background-position":"center center","background-size":"auto","background-attachment":"scroll","background-type":"","background-media":"","overlay-type":"","overlay-color":"","overlay-opacity":"","overlay-gradient":""}},"_jetpack_memberships_contains_paid_content":false,"footnotes":"","jetpack_publicize_message":"","jetpack_publicize_feature_enabled":true,"jetpack_social_post_already_shared":false,"jetpack_social_options":{"image_generator_settings":{"template":"highway","default_image_id":0,"font":"","enabled":false},"version":2}},"categories":[38,23,61],"tags":[],"class_list":["post-2792","post","type-post","status-publish","format-standard","has-post-thumbnail","hentry","category-empresas","category-noticias","category-vw-navarra"],"jetpack_publicize_connections":[],"jetpack_featured_media_url":"https:\/\/sociedadhispanoalemana.com\/wp-content\/uploads\/2021\/03\/navarra-beneficiara-1.jpg","jetpack_sharing_enabled":true,"_links":{"self":[{"href":"https:\/\/sociedadhispanoalemana.com\/de\/wp-json\/wp\/v2\/posts\/2792","targetHints":{"allow":["GET"]}}],"collection":[{"href":"https:\/\/sociedadhispanoalemana.com\/de\/wp-json\/wp\/v2\/posts"}],"about":[{"href":"https:\/\/sociedadhispanoalemana.com\/de\/wp-json\/wp\/v2\/types\/post"}],"author":[{"embeddable":true,"href":"https:\/\/sociedadhispanoalemana.com\/de\/wp-json\/wp\/v2\/users\/1"}],"replies":[{"embeddable":true,"href":"https:\/\/sociedadhispanoalemana.com\/de\/wp-json\/wp\/v2\/comments?post=2792"}],"version-history":[{"count":1,"href":"https:\/\/sociedadhispanoalemana.com\/de\/wp-json\/wp\/v2\/posts\/2792\/revisions"}],"predecessor-version":[{"id":2797,"href":"https:\/\/sociedadhispanoalemana.com\/de\/wp-json\/wp\/v2\/posts\/2792\/revisions\/2797"}],"wp:featuredmedia":[{"embeddable":true,"href":"https:\/\/sociedadhispanoalemana.com\/de\/wp-json\/wp\/v2\/media\/2796"}],"wp:attachment":[{"href":"https:\/\/sociedadhispanoalemana.com\/de\/wp-json\/wp\/v2\/media?parent=2792"}],"wp:term":[{"taxonomy":"category","embeddable":true,"href":"https:\/\/sociedadhispanoalemana.com\/de\/wp-json\/wp\/v2\/categories?post=2792"},{"taxonomy":"post_tag","embeddable":true,"href":"https:\/\/sociedadhispanoalemana.com\/de\/wp-json\/wp\/v2\/tags?post=2792"}],"curies":[{"name":"wp","href":"https:\/\/api.w.org\/{rel}","templated":true}]}}