{"id":2861,"date":"2021-04-01T06:33:09","date_gmt":"2021-04-01T06:33:09","guid":{"rendered":"https:\/\/sociedadhispanoalemana.com\/?p=2861"},"modified":"2024-09-25T12:22:00","modified_gmt":"2024-09-25T12:22:00","slug":"vw-pamplona-baut-fur-den-europaischen-markt-der-neue-taigo","status":"publish","type":"post","link":"https:\/\/sociedadhispanoalemana.com\/de\/vw-pamplona-baut-fur-den-europaischen-markt-der-neue-taigo","title":{"rendered":"VW Pamplona baut f\u00fcr den europ\u00e4ischen Markt den neuen Taigo"},"content":{"rendered":"<p><strong>Der neue Taigo steht in den Startl\u00f6chern! Noch vor seiner offiziellen Europapremiere ver\u00f6ffentlicht Volkswagen den Namen seines k\u00fcnftigen Crossover-Modells. Der neue Taigo erg\u00e4nzt das SUV-Angebot im Kleinwagensegment. Er \u00fcberzeugt mit einem dynamischen und emotionalen Design. Zudem kennzeichnen eine Vielzahl an Assistenzsystemen und eine zeitgem\u00e4\u00dfe Konnektivit\u00e4t das neue Modell.<\/strong><\/p>\n\n\n\n<ul class=\"wp-block-list\">\n<li>Der neue Taigo<sup>01<\/sup>\u00a0erweitert das SUV-Angebot im Kleinwagensegment um einen sportlichen Crossover<\/li>\n\n\n\n<li>Charismatisches Design, ein modernes Bedienkonzept und eine Vielzahl an Assistenzsystemen kennzeichnen das neue Modell<\/li>\n<\/ul>\n\n\n\n<p>Wer bisher im Kleinwagensegment vergeblich nach einem CUV (Crossover Utility Vehicle) mit erh\u00f6hter Sitzposition und dennoch sportlicher coup\u00e9hafter Silhouette geschaut hat, wird bald f\u00fcndig. Der neue Taigo wird mit sparsamen TSI-Motoren, serienm\u00e4\u00dfigen LED-Scheinwerfern, einem modernen Bedienkonzept, einem komplett digitalen Cockpit sowie einer Vielzahl an Assistenzsystemen auf den Markt kommen.<\/p>\n\n\n\n<p>Der Taigo basiert auf dem erfolgreichen brasilianischen Modell Nivus und wird f\u00fcr den europ\u00e4ischen Markt im Werk Pamplona in Spanien gebaut. Das neue CUV wird im Sommer vorgestellt, die Markteinf\u00fchrung erfolgt Ende 2021.<\/p>","protected":false},"excerpt":{"rendered":"<p>Volkswagen gibt einen ersten Ausblick auf sein neues sportliches SUV-Coup\u00e9, das Ende des Jahres auf den Markt kommen wird<\/p>","protected":false},"author":1,"featured_media":2863,"comment_status":"open","ping_status":"open","sticky":false,"template":"","format":"standard","meta":{"_seopress_robots_primary_cat":"none","site-sidebar-layout":"default","site-content-layout":"default","ast-site-content-layout":"default","site-content-style":"default","site-sidebar-style":"default","ast-global-header-display":"","ast-banner-title-visibility":"","ast-main-header-display":"","ast-hfb-above-header-display":"","ast-hfb-below-header-display":"","ast-hfb-mobile-header-display":"","site-post-title":"","ast-breadcrumbs-content":"","ast-featured-img":"","footer-sml-layout":"","theme-transparent-header-meta":"default","adv-header-id-meta":"","stick-header-meta":"","header-above-stick-meta":"","header-main-stick-meta":"","header-below-stick-meta":"","astra-migrate-meta-layouts":"set","ast-page-background-enabled":"default","ast-page-background-meta":{"desktop":{"background-color":"","background-image":"","background-repeat":"repeat","background-position":"center center","background-size":"auto","background-attachment":"scroll","background-type":"","background-media":"","overlay-type":"","overlay-color":"","overlay-opacity":"","overlay-gradient":""},"tablet":{"background-color":"","background-image":"","background-repeat":"repeat","background-position":"center center","background-size":"auto","background-attachment":"scroll","background-type":"","background-media":"","overlay-type":"","overlay-color":"","overlay-opacity":"","overlay-gradient":""},"mobile":{"background-color":"","background-image":"","background-repeat":"repeat","background-position":"center center","background-size":"auto","background-attachment":"scroll","background-type":"","background-media":"","overlay-type":"","overlay-color":"","overlay-opacity":"","overlay-gradient":""}},"ast-content-background-meta":{"desktop":{"background-color":"var(--ast-global-color-5)","background-image":"","background-repeat":"repeat","background-position":"center center","background-size":"auto","background-attachment":"scroll","background-type":"","background-media":"","overlay-type":"","overlay-color":"","overlay-opacity":"","overlay-gradient":""},"tablet":{"background-color":"var(--ast-global-color-5)","background-image":"","background-repeat":"repeat","background-position":"center center","background-size":"auto","background-attachment":"scroll","background-type":"","background-media":"","overlay-type":"","overlay-color":"","overlay-opacity":"","overlay-gradient":""},"mobile":{"background-color":"var(--ast-global-color-5)","background-image":"","background-repeat":"repeat","background-position":"center center","background-size":"auto","background-attachment":"scroll","background-type":"","background-media":"","overlay-type":"","overlay-color":"","overlay-opacity":"","overlay-gradient":""}},"_jetpack_memberships_contains_paid_content":false,"footnotes":"","jetpack_publicize_message":"","jetpack_publicize_feature_enabled":true,"jetpack_social_post_already_shared":false,"jetpack_social_options":{"image_generator_settings":{"template":"highway","default_image_id":0,"font":"","enabled":false},"version":2}},"categories":[38,23,61],"tags":[64,63,62],"class_list":["post-2861","post","type-post","status-publish","format-standard","has-post-thumbnail","hentry","category-empresas","category-noticias","category-vw-navarra","tag-suv","tag-taigo","tag-vwpamplona"],"jetpack_publicize_connections":[],"jetpack_featured_media_url":"https:\/\/sociedadhispanoalemana.com\/wp-content\/uploads\/2021\/04\/DB2021AU00192_medium.jpg","jetpack_sharing_enabled":true,"_links":{"self":[{"href":"https:\/\/sociedadhispanoalemana.com\/de\/wp-json\/wp\/v2\/posts\/2861","targetHints":{"allow":["GET"]}}],"collection":[{"href":"https:\/\/sociedadhispanoalemana.com\/de\/wp-json\/wp\/v2\/posts"}],"about":[{"href":"https:\/\/sociedadhispanoalemana.com\/de\/wp-json\/wp\/v2\/types\/post"}],"author":[{"embeddable":true,"href":"https:\/\/sociedadhispanoalemana.com\/de\/wp-json\/wp\/v2\/users\/1"}],"replies":[{"embeddable":true,"href":"https:\/\/sociedadhispanoalemana.com\/de\/wp-json\/wp\/v2\/comments?post=2861"}],"version-history":[{"count":4,"href":"https:\/\/sociedadhispanoalemana.com\/de\/wp-json\/wp\/v2\/posts\/2861\/revisions"}],"predecessor-version":[{"id":4152,"href":"https:\/\/sociedadhispanoalemana.com\/de\/wp-json\/wp\/v2\/posts\/2861\/revisions\/4152"}],"wp:featuredmedia":[{"embeddable":true,"href":"https:\/\/sociedadhispanoalemana.com\/de\/wp-json\/wp\/v2\/media\/2863"}],"wp:attachment":[{"href":"https:\/\/sociedadhispanoalemana.com\/de\/wp-json\/wp\/v2\/media?parent=2861"}],"wp:term":[{"taxonomy":"category","embeddable":true,"href":"https:\/\/sociedadhispanoalemana.com\/de\/wp-json\/wp\/v2\/categories?post=2861"},{"taxonomy":"post_tag","embeddable":true,"href":"https:\/\/sociedadhispanoalemana.com\/de\/wp-json\/wp\/v2\/tags?post=2861"}],"curies":[{"name":"wp","href":"https:\/\/api.w.org\/{rel}","templated":true}]}}