{"id":2869,"date":"2021-04-16T17:52:07","date_gmt":"2021-04-16T17:52:07","guid":{"rendered":"https:\/\/sociedadhispanoalemana.com\/?p=2869"},"modified":"2021-04-17T15:26:08","modified_gmt":"2021-04-17T15:26:08","slug":"recital-de-poesia-hispano-alemana","status":"publish","type":"post","link":"https:\/\/sociedadhispanoalemana.com\/de\/recital-de-poesia-hispano-alemana","title":{"rendered":"Recital de poes\u00eda hispano-alemana"},"content":{"rendered":"<p>Os invitamos el pr\u00f3ximo viernes 30 de abril al recital de poes\u00eda en alem\u00e1n y castellano que organizamos en colaboraci\u00f3n con la Asociaci\u00f3n Navarra de Escritores-Nafar Idazleen Elkartea. El evento estar\u00e1 acompa\u00f1ado musicalmente por el Tr\u00edo Eslava.<\/p>\n\n\n\n<figure class=\"wp-block-image size-large\"><img loading=\"lazy\" decoding=\"async\" width=\"492\" height=\"459\" src=\"https:\/\/sociedadhispanoalemana.com\/wp-content\/uploads\/2021\/04\/cartel-1.png\" alt=\"\" class=\"wp-image-2872\" srcset=\"https:\/\/sociedadhispanoalemana.com\/wp-content\/uploads\/2021\/04\/cartel-1.png 492w, https:\/\/sociedadhispanoalemana.com\/wp-content\/uploads\/2021\/04\/cartel-1-300x280.png 300w, https:\/\/sociedadhispanoalemana.com\/wp-content\/uploads\/2021\/04\/cartel-1-13x12.png 13w\" sizes=\"auto, (max-width: 492px) 100vw, 492px\" \/><\/figure>\n\n\n\n<p>Entrada libre con inscripci\u00f3n previa en info@sociedadhispanoalamana.com. La cita ser\u00e1 en Civivox Condestable ( C\/Mayor 2, Pamplona) el d\u00eda 30 de abril de 2021 a las 19:00 horas. <\/p>\n\n\n\n<figure class=\"wp-block-image size-large\"><img loading=\"lazy\" decoding=\"async\" width=\"1024\" height=\"588\" src=\"https:\/\/sociedadhispanoalemana.com\/wp-content\/uploads\/2021\/04\/reci-1-1024x588.png\" alt=\"\" class=\"wp-image-2876\" srcset=\"https:\/\/sociedadhispanoalemana.com\/wp-content\/uploads\/2021\/04\/reci-1-1024x588.png 1024w, https:\/\/sociedadhispanoalemana.com\/wp-content\/uploads\/2021\/04\/reci-1-300x172.png 300w, https:\/\/sociedadhispanoalemana.com\/wp-content\/uploads\/2021\/04\/reci-1-768x441.png 768w, https:\/\/sociedadhispanoalemana.com\/wp-content\/uploads\/2021\/04\/reci-1-16x9.png 16w, https:\/\/sociedadhispanoalemana.com\/wp-content\/uploads\/2021\/04\/reci-1.png 1111w\" sizes=\"auto, (max-width: 1024px) 100vw, 1024px\" \/><\/figure>","protected":false},"excerpt":{"rendered":"<p>Os invitamos el pr\u00f3ximo viernes 30 de abril al recital de poes\u00eda en alem\u00e1n y castellano que organizamos en colaboraci\u00f3n con la Asociaci\u00f3n Navarra de Escritores-Nafar Idazleen Elkartea. El evento [&hellip;]<\/p>","protected":false},"author":1,"featured_media":2878,"comment_status":"open","ping_status":"open","sticky":false,"template":"","format":"standard","meta":{"_seopress_robots_primary_cat":"none","site-sidebar-layout":"default","site-content-layout":"default","ast-site-content-layout":"","site-content-style":"default","site-sidebar-style":"default","ast-global-header-display":"","ast-banner-title-visibility":"","ast-main-header-display":"","ast-hfb-above-header-display":"","ast-hfb-below-header-display":"","ast-hfb-mobile-header-display":"","site-post-title":"","ast-breadcrumbs-content":"","ast-featured-img":"","footer-sml-layout":"","theme-transparent-header-meta":"default","adv-header-id-meta":"","stick-header-meta":"","header-above-stick-meta":"","header-main-stick-meta":"","header-below-stick-meta":"","astra-migrate-meta-layouts":"default","ast-page-background-enabled":"default","ast-page-background-meta":{"desktop":{"background-color":"","background-image":"","background-repeat":"repeat","background-position":"center center","background-size":"auto","background-attachment":"scroll","background-type":"","background-media":"","overlay-type":"","overlay-color":"","overlay-opacity":"","overlay-gradient":""},"tablet":{"background-color":"","background-image":"","background-repeat":"repeat","background-position":"center center","background-size":"auto","background-attachment":"scroll","background-type":"","background-media":"","overlay-type":"","overlay-color":"","overlay-opacity":"","overlay-gradient":""},"mobile":{"background-color":"","background-image":"","background-repeat":"repeat","background-position":"center center","background-size":"auto","background-attachment":"scroll","background-type":"","background-media":"","overlay-type":"","overlay-color":"","overlay-opacity":"","overlay-gradient":""}},"ast-content-background-meta":{"desktop":{"background-color":"var(--ast-global-color-5)","background-image":"","background-repeat":"repeat","background-position":"center center","background-size":"auto","background-attachment":"scroll","background-type":"","background-media":"","overlay-type":"","overlay-color":"","overlay-opacity":"","overlay-gradient":""},"tablet":{"background-color":"var(--ast-global-color-5)","background-image":"","background-repeat":"repeat","background-position":"center center","background-size":"auto","background-attachment":"scroll","background-type":"","background-media":"","overlay-type":"","overlay-color":"","overlay-opacity":"","overlay-gradient":""},"mobile":{"background-color":"var(--ast-global-color-5)","background-image":"","background-repeat":"repeat","background-position":"center center","background-size":"auto","background-attachment":"scroll","background-type":"","background-media":"","overlay-type":"","overlay-color":"","overlay-opacity":"","overlay-gradient":""}},"_jetpack_memberships_contains_paid_content":false,"footnotes":"","jetpack_publicize_message":"","jetpack_publicize_feature_enabled":true,"jetpack_social_post_already_shared":false,"jetpack_social_options":{"image_generator_settings":{"template":"highway","default_image_id":0,"font":"","enabled":false},"version":2}},"categories":[12,13,30,23],"tags":[66,65],"class_list":["post-2869","post","type-post","status-publish","format-standard","has-post-thumbnail","hentry","category-actividades","category-actualidad","category-intercambio-cultural","category-noticias","tag-poesia","tag-recital"],"jetpack_publicize_connections":[],"jetpack_featured_media_url":"https:\/\/sociedadhispanoalemana.com\/wp-content\/uploads\/2021\/04\/Poesia-Hispano-Alemana.png","jetpack_sharing_enabled":true,"_links":{"self":[{"href":"https:\/\/sociedadhispanoalemana.com\/de\/wp-json\/wp\/v2\/posts\/2869","targetHints":{"allow":["GET"]}}],"collection":[{"href":"https:\/\/sociedadhispanoalemana.com\/de\/wp-json\/wp\/v2\/posts"}],"about":[{"href":"https:\/\/sociedadhispanoalemana.com\/de\/wp-json\/wp\/v2\/types\/post"}],"author":[{"embeddable":true,"href":"https:\/\/sociedadhispanoalemana.com\/de\/wp-json\/wp\/v2\/users\/1"}],"replies":[{"embeddable":true,"href":"https:\/\/sociedadhispanoalemana.com\/de\/wp-json\/wp\/v2\/comments?post=2869"}],"version-history":[{"count":2,"href":"https:\/\/sociedadhispanoalemana.com\/de\/wp-json\/wp\/v2\/posts\/2869\/revisions"}],"predecessor-version":[{"id":2879,"href":"https:\/\/sociedadhispanoalemana.com\/de\/wp-json\/wp\/v2\/posts\/2869\/revisions\/2879"}],"wp:featuredmedia":[{"embeddable":true,"href":"https:\/\/sociedadhispanoalemana.com\/de\/wp-json\/wp\/v2\/media\/2878"}],"wp:attachment":[{"href":"https:\/\/sociedadhispanoalemana.com\/de\/wp-json\/wp\/v2\/media?parent=2869"}],"wp:term":[{"taxonomy":"category","embeddable":true,"href":"https:\/\/sociedadhispanoalemana.com\/de\/wp-json\/wp\/v2\/categories?post=2869"},{"taxonomy":"post_tag","embeddable":true,"href":"https:\/\/sociedadhispanoalemana.com\/de\/wp-json\/wp\/v2\/tags?post=2869"}],"curies":[{"name":"wp","href":"https:\/\/api.w.org\/{rel}","templated":true}]}}