{"id":2908,"date":"2021-05-08T06:34:55","date_gmt":"2021-05-08T06:34:55","guid":{"rendered":"https:\/\/sociedadhispanoalemana.com\/?p=2908"},"modified":"2021-05-13T20:22:10","modified_gmt":"2021-05-13T20:22:10","slug":"apoyemos-juntos-la-candidatura-al-premio-principe-de-viana-de-la-cultura-2021-de-jesus-hernandez-aristu","status":"publish","type":"post","link":"https:\/\/sociedadhispanoalemana.com\/de\/apoyemos-juntos-la-candidatura-al-premio-principe-de-viana-de-la-cultura-2021-de-jesus-hernandez-aristu","title":{"rendered":"Unterst\u00fctzen Sie mit uns die Kandidatur von Jes\u00fas Hern\u00e1ndez Aristu f\u00fcr den Kulturpreis Principe de Viana 2021"},"content":{"rendered":"<div data-elementor-type=\"wp-post\" data-elementor-id=\"2908\" class=\"elementor elementor-2908\" data-elementor-post-type=\"post\">\n\t\t\t\t\t\t\t\t\t<section class=\"elementor-section elementor-top-section elementor-element elementor-element-9a0c780 elementor-section-boxed elementor-section-height-default elementor-section-height-default\" data-id=\"9a0c780\" data-element_type=\"section\">\n\t\t\t\t\t\t<div class=\"elementor-container elementor-column-gap-default\">\n\t\t\t\t\t<div class=\"elementor-column elementor-col-100 elementor-top-column elementor-element elementor-element-45369b95\" data-id=\"45369b95\" data-element_type=\"column\">\n\t\t\t<div class=\"elementor-widget-wrap elementor-element-populated\">\n\t\t\t\t\t\t\t\t<div class=\"elementor-element elementor-element-3c289aee elementor-widget elementor-widget-text-editor\" data-id=\"3c289aee\" data-element_type=\"widget\" data-widget_type=\"text-editor.default\">\n\t\t\t\t<div class=\"elementor-widget-container\">\n\t\t\t\t\t\t\t<p><!-- wp:paragraph --><\/p>\n<p class=\" translation-block\">Die deutsch-spanische Gesellschaft Nordspaniens, dessen Pr\u00e4sident er 15 Jahre lang war, hat Herrn Jes\u00fas Hern\u00e1ndez Aristu f\u00fcr den Kulturpreis Principe de Viana 2021 vorgeschlagen.<\/p>\n<p><!-- \/wp:paragraph --><!-- wp:paragraph --><\/p>\n<p class=\" translation-block\">Wir sind davon \u00fcberzeugt, dass Jes\u00fas Hern\u00e1ndez Aristu sowohl f\u00fcr seine pers\u00f6nliche und berufliche Laufbahn im Bereich Kultur und Forschung als auch f\u00fcr seine Arbeit zur F\u00f6rderung sozialer Aktivit\u00e4ten diese prestigetr\u00e4chtige Auszeichnung der Regierung von Navarra verdient.<\/p>\n<figure class=\"wp-block-image\"><img alt=\"\" \/><\/figure>\n<p><!-- \/wp:image --><!-- wp:paragraph --><\/p>\n<p><!-- \/wp:paragraph --><\/p>\t\t\t\t\t\t<\/div>\n\t\t\t\t<\/div>\n\t\t\t\t\t<\/div>\n\t\t<\/div>\n\t\t\t\t\t\t\t<\/div>\n\t\t<\/section>\n\t\t\t\t<section class=\"elementor-section elementor-top-section elementor-element elementor-element-7ae8974 elementor-section-boxed elementor-section-height-default elementor-section-height-default\" data-id=\"7ae8974\" data-element_type=\"section\">\n\t\t\t\t\t\t<div class=\"elementor-container elementor-column-gap-default\">\n\t\t\t\t\t<div class=\"elementor-column elementor-col-100 elementor-top-column elementor-element elementor-element-f083536\" data-id=\"f083536\" data-element_type=\"column\">\n\t\t\t<div class=\"elementor-widget-wrap elementor-element-populated\">\n\t\t\t\t\t\t\t\t<div class=\"elementor-element elementor-element-6c347dc elementor-widget elementor-widget-gallery\" data-id=\"6c347dc\" data-element_type=\"widget\" data-settings=\"{&quot;gallery_layout&quot;:&quot;justified&quot;,&quot;lazyload&quot;:&quot;yes&quot;,&quot;ideal_row_height&quot;:{&quot;unit&quot;:&quot;px&quot;,&quot;size&quot;:200,&quot;sizes&quot;:[]},&quot;ideal_row_height_tablet&quot;:{&quot;unit&quot;:&quot;px&quot;,&quot;size&quot;:150,&quot;sizes&quot;:[]},&quot;ideal_row_height_mobile&quot;:{&quot;unit&quot;:&quot;px&quot;,&quot;size&quot;:150,&quot;sizes&quot;:[]},&quot;gap&quot;:{&quot;unit&quot;:&quot;px&quot;,&quot;size&quot;:10,&quot;sizes&quot;:[]},&quot;gap_tablet&quot;:{&quot;unit&quot;:&quot;px&quot;,&quot;size&quot;:10,&quot;sizes&quot;:[]},&quot;gap_mobile&quot;:{&quot;unit&quot;:&quot;px&quot;,&quot;size&quot;:10,&quot;sizes&quot;:[]},&quot;link_to&quot;:&quot;file&quot;,&quot;overlay_background&quot;:&quot;yes&quot;,&quot;content_hover_animation&quot;:&quot;fade-in&quot;}\" data-widget_type=\"gallery.default\">\n\t\t\t\t<div class=\"elementor-widget-container\">\n\t\t\t\t\t<div class=\"elementor-gallery__container\">\n\t\t\t\t\t\t\t<a class=\"e-gallery-item elementor-gallery-item elementor-animated-content\" href=\"https:\/\/sociedadhispanoalemana.com\/wp-content\/uploads\/2021\/05\/LIBROS-JESUS-HERNANDEZ-ARISTU.jpg\" data-elementor-open-lightbox=\"yes\" data-elementor-lightbox-slideshow=\"6c347dc\" data-elementor-lightbox-title=\"LIBROS JESUS HERNANDEZ ARISTU\" data-e-action-hash=\"#elementor-action%3Aaction%3Dlightbox%26settings%3DeyJpZCI6MjkxMiwidXJsIjoiaHR0cHM6XC9cL3NvY2llZGFkaGlzcGFub2FsZW1hbmEuY29tXC93cC1jb250ZW50XC91cGxvYWRzXC8yMDIxXC8wNVwvTElCUk9TLUpFU1VTLUhFUk5BTkRFWi1BUklTVFUuanBnIiwic2xpZGVzaG93IjoiNmMzNDdkYyJ9\">\n\t\t\t\t\t<div class=\"e-gallery-image elementor-gallery-item__image\" data-thumbnail=\"https:\/\/sociedadhispanoalemana.com\/wp-content\/uploads\/2021\/05\/LIBROS-JESUS-HERNANDEZ-ARISTU-300x225.jpg\" data-width=\"300\" data-height=\"225\" aria-label=\"\" role=\"img\" ><\/div>\n\t\t\t\t\t\t\t\t\t\t\t<div class=\"elementor-gallery-item__overlay\"><\/div>\n\t\t\t\t\t\t\t\t\t\t\t\t\t\t<\/a>\n\t\t\t\t\t\t\t<a class=\"e-gallery-item elementor-gallery-item elementor-animated-content\" href=\"https:\/\/sociedadhispanoalemana.com\/wp-content\/uploads\/2021\/05\/DON-JESUS-HERNANDEZ-ARISTU.jpg\" data-elementor-open-lightbox=\"yes\" data-elementor-lightbox-slideshow=\"6c347dc\" data-elementor-lightbox-title=\"DON JESUS HERNANDEZ ARISTU\" data-e-action-hash=\"#elementor-action%3Aaction%3Dlightbox%26settings%3DeyJpZCI6MjkxMywidXJsIjoiaHR0cHM6XC9cL3NvY2llZGFkaGlzcGFub2FsZW1hbmEuY29tXC93cC1jb250ZW50XC91cGxvYWRzXC8yMDIxXC8wNVwvRE9OLUpFU1VTLUhFUk5BTkRFWi1BUklTVFUuanBnIiwic2xpZGVzaG93IjoiNmMzNDdkYyJ9\">\n\t\t\t\t\t<div class=\"e-gallery-image elementor-gallery-item__image\" data-thumbnail=\"https:\/\/sociedadhispanoalemana.com\/wp-content\/uploads\/2021\/05\/DON-JESUS-HERNANDEZ-ARISTU-200x300.jpg\" data-width=\"200\" data-height=\"300\" aria-label=\"\" role=\"img\" ><\/div>\n\t\t\t\t\t\t\t\t\t\t\t<div class=\"elementor-gallery-item__overlay\"><\/div>\n\t\t\t\t\t\t\t\t\t\t\t\t\t\t<\/a>\n\t\t\t\t\t\t\t<a class=\"e-gallery-item elementor-gallery-item elementor-animated-content\" href=\"https:\/\/sociedadhispanoalemana.com\/wp-content\/uploads\/2021\/05\/pamplona-paderborn-SHANE-JESUS-HERNANDEZ-ARISTU.jpg\" data-elementor-open-lightbox=\"yes\" data-elementor-lightbox-slideshow=\"6c347dc\" data-elementor-lightbox-title=\"pamplona-paderborn-SHANE JESUS HERNANDEZ ARISTU\" data-e-action-hash=\"#elementor-action%3Aaction%3Dlightbox%26settings%3DeyJpZCI6MjkxNCwidXJsIjoiaHR0cHM6XC9cL3NvY2llZGFkaGlzcGFub2FsZW1hbmEuY29tXC93cC1jb250ZW50XC91cGxvYWRzXC8yMDIxXC8wNVwvcGFtcGxvbmEtcGFkZXJib3JuLVNIQU5FLUpFU1VTLUhFUk5BTkRFWi1BUklTVFUuanBnIiwic2xpZGVzaG93IjoiNmMzNDdkYyJ9\">\n\t\t\t\t\t<div class=\"e-gallery-image elementor-gallery-item__image\" data-thumbnail=\"https:\/\/sociedadhispanoalemana.com\/wp-content\/uploads\/2021\/05\/pamplona-paderborn-SHANE-JESUS-HERNANDEZ-ARISTU.jpg\" data-width=\"298\" data-height=\"199\" aria-label=\"\" role=\"img\" ><\/div>\n\t\t\t\t\t\t\t\t\t\t\t<div class=\"elementor-gallery-item__overlay\"><\/div>\n\t\t\t\t\t\t\t\t\t\t\t\t\t\t<\/a>\n\t\t\t\t\t\t\t<a class=\"e-gallery-item elementor-gallery-item elementor-animated-content\" href=\"https:\/\/sociedadhispanoalemana.com\/wp-content\/uploads\/2021\/05\/Hispanoaleman-JESUS-HERNANDEZ-ARISTU-scaled.jpg\" data-elementor-open-lightbox=\"yes\" data-elementor-lightbox-slideshow=\"6c347dc\" data-elementor-lightbox-title=\"Hispanoaleman JESUS HERNANDEZ ARISTU\" data-e-action-hash=\"#elementor-action%3Aaction%3Dlightbox%26settings%3DeyJpZCI6MjkxNSwidXJsIjoiaHR0cHM6XC9cL3NvY2llZGFkaGlzcGFub2FsZW1hbmEuY29tXC93cC1jb250ZW50XC91cGxvYWRzXC8yMDIxXC8wNVwvSGlzcGFub2FsZW1hbi1KRVNVUy1IRVJOQU5ERVotQVJJU1RVLXNjYWxlZC5qcGciLCJzbGlkZXNob3ciOiI2YzM0N2RjIn0%3D\">\n\t\t\t\t\t<div class=\"e-gallery-image elementor-gallery-item__image\" data-thumbnail=\"https:\/\/sociedadhispanoalemana.com\/wp-content\/uploads\/2021\/05\/Hispanoaleman-JESUS-HERNANDEZ-ARISTU-300x200.jpg\" data-width=\"300\" data-height=\"200\" aria-label=\"\" role=\"img\" ><\/div>\n\t\t\t\t\t\t\t\t\t\t\t<div class=\"elementor-gallery-item__overlay\"><\/div>\n\t\t\t\t\t\t\t\t\t\t\t\t\t\t<\/a>\n\t\t\t\t\t\t\t<a class=\"e-gallery-item elementor-gallery-item elementor-animated-content\" href=\"https:\/\/sociedadhispanoalemana.com\/wp-content\/uploads\/2021\/05\/Hospitaleros-Casa-Paderborn-JESUS-HERNANDEZ-ARISTU.jpg\" data-elementor-open-lightbox=\"yes\" data-elementor-lightbox-slideshow=\"6c347dc\" data-elementor-lightbox-title=\"Hospitaleros Casa Paderborn JESUS HERNANDEZ ARISTU\" data-e-action-hash=\"#elementor-action%3Aaction%3Dlightbox%26settings%3DeyJpZCI6MjkxNiwidXJsIjoiaHR0cHM6XC9cL3NvY2llZGFkaGlzcGFub2FsZW1hbmEuY29tXC93cC1jb250ZW50XC91cGxvYWRzXC8yMDIxXC8wNVwvSG9zcGl0YWxlcm9zLUNhc2EtUGFkZXJib3JuLUpFU1VTLUhFUk5BTkRFWi1BUklTVFUuanBnIiwic2xpZGVzaG93IjoiNmMzNDdkYyJ9\">\n\t\t\t\t\t<div class=\"e-gallery-image elementor-gallery-item__image\" data-thumbnail=\"https:\/\/sociedadhispanoalemana.com\/wp-content\/uploads\/2021\/05\/Hospitaleros-Casa-Paderborn-JESUS-HERNANDEZ-ARISTU-300x171.jpg\" data-width=\"300\" data-height=\"171\" aria-label=\"\" role=\"img\" ><\/div>\n\t\t\t\t\t\t\t\t\t\t\t<div class=\"elementor-gallery-item__overlay\"><\/div>\n\t\t\t\t\t\t\t\t\t\t\t\t\t\t<\/a>\n\t\t\t\t\t\t\t<a class=\"e-gallery-item elementor-gallery-item elementor-animated-content\" href=\"https:\/\/sociedadhispanoalemana.com\/wp-content\/uploads\/2021\/05\/recepcion_alcalde_paderborn_dreier-JESUS-HERNANDEZ-ARISTU.jpg\" data-elementor-open-lightbox=\"yes\" data-elementor-lightbox-slideshow=\"6c347dc\" data-elementor-lightbox-title=\"recepcion_alcalde_paderborn_dreier JESUS HERNANDEZ ARISTU\" data-e-action-hash=\"#elementor-action%3Aaction%3Dlightbox%26settings%3DeyJpZCI6MjkxNywidXJsIjoiaHR0cHM6XC9cL3NvY2llZGFkaGlzcGFub2FsZW1hbmEuY29tXC93cC1jb250ZW50XC91cGxvYWRzXC8yMDIxXC8wNVwvcmVjZXBjaW9uX2FsY2FsZGVfcGFkZXJib3JuX2RyZWllci1KRVNVUy1IRVJOQU5ERVotQVJJU1RVLmpwZyIsInNsaWRlc2hvdyI6IjZjMzQ3ZGMifQ%3D%3D\">\n\t\t\t\t\t<div class=\"e-gallery-image elementor-gallery-item__image\" data-thumbnail=\"https:\/\/sociedadhispanoalemana.com\/wp-content\/uploads\/2021\/05\/recepcion_alcalde_paderborn_dreier-JESUS-HERNANDEZ-ARISTU-300x200.jpg\" data-width=\"300\" data-height=\"200\" aria-label=\"\" role=\"img\" ><\/div>\n\t\t\t\t\t\t\t\t\t\t\t<div class=\"elementor-gallery-item__overlay\"><\/div>\n\t\t\t\t\t\t\t\t\t\t\t\t\t\t<\/a>\n\t\t\t\t\t\t\t<a class=\"e-gallery-item elementor-gallery-item elementor-animated-content\" href=\"https:\/\/sociedadhispanoalemana.com\/wp-content\/uploads\/2021\/05\/reunion-paderborn-JESUS-HERNANDEZ-ARISTU.jpg\" data-elementor-open-lightbox=\"yes\" data-elementor-lightbox-slideshow=\"6c347dc\" data-elementor-lightbox-title=\"reunion-paderborn JESUS HERNANDEZ ARISTU\" data-e-action-hash=\"#elementor-action%3Aaction%3Dlightbox%26settings%3DeyJpZCI6MjkxOCwidXJsIjoiaHR0cHM6XC9cL3NvY2llZGFkaGlzcGFub2FsZW1hbmEuY29tXC93cC1jb250ZW50XC91cGxvYWRzXC8yMDIxXC8wNVwvcmV1bmlvbi1wYWRlcmJvcm4tSkVTVVMtSEVSTkFOREVaLUFSSVNUVS5qcGciLCJzbGlkZXNob3ciOiI2YzM0N2RjIn0%3D\">\n\t\t\t\t\t<div class=\"e-gallery-image elementor-gallery-item__image\" data-thumbnail=\"https:\/\/sociedadhispanoalemana.com\/wp-content\/uploads\/2021\/05\/reunion-paderborn-JESUS-HERNANDEZ-ARISTU-300x215.jpg\" data-width=\"300\" data-height=\"215\" aria-label=\"\" role=\"img\" ><\/div>\n\t\t\t\t\t\t\t\t\t\t\t<div class=\"elementor-gallery-item__overlay\"><\/div>\n\t\t\t\t\t\t\t\t\t\t\t\t\t\t<\/a>\n\t\t\t\t\t\t\t<a class=\"e-gallery-item elementor-gallery-item elementor-animated-content\" href=\"https:\/\/sociedadhispanoalemana.com\/wp-content\/uploads\/2021\/05\/pamplona-paderborn-JESUS-HERNANDEZ-ARISTU.jpg\" data-elementor-open-lightbox=\"yes\" data-elementor-lightbox-slideshow=\"6c347dc\" data-elementor-lightbox-title=\"pamplona-paderborn JESUS HERNANDEZ ARISTU\" data-e-action-hash=\"#elementor-action%3Aaction%3Dlightbox%26settings%3DeyJpZCI6MjkxOSwidXJsIjoiaHR0cHM6XC9cL3NvY2llZGFkaGlzcGFub2FsZW1hbmEuY29tXC93cC1jb250ZW50XC91cGxvYWRzXC8yMDIxXC8wNVwvcGFtcGxvbmEtcGFkZXJib3JuLUpFU1VTLUhFUk5BTkRFWi1BUklTVFUuanBnIiwic2xpZGVzaG93IjoiNmMzNDdkYyJ9\">\n\t\t\t\t\t<div class=\"e-gallery-image elementor-gallery-item__image\" data-thumbnail=\"https:\/\/sociedadhispanoalemana.com\/wp-content\/uploads\/2021\/05\/pamplona-paderborn-JESUS-HERNANDEZ-ARISTU-200x300.jpg\" data-width=\"200\" data-height=\"300\" aria-label=\"\" role=\"img\" ><\/div>\n\t\t\t\t\t\t\t\t\t\t\t<div class=\"elementor-gallery-item__overlay\"><\/div>\n\t\t\t\t\t\t\t\t\t\t\t\t\t\t<\/a>\n\t\t\t\t\t\t\t<a class=\"e-gallery-item elementor-gallery-item elementor-animated-content\" href=\"https:\/\/sociedadhispanoalemana.com\/wp-content\/uploads\/2021\/05\/25-anos-SHANE-JESUS-HERNANDEZ-ARISTU.jpg\" data-elementor-open-lightbox=\"yes\" data-elementor-lightbox-slideshow=\"6c347dc\" data-elementor-lightbox-title=\"25 a\u00f1os SHANE JESUS HERNANDEZ ARISTU\" data-e-action-hash=\"#elementor-action%3Aaction%3Dlightbox%26settings%3DeyJpZCI6MjkyMCwidXJsIjoiaHR0cHM6XC9cL3NvY2llZGFkaGlzcGFub2FsZW1hbmEuY29tXC93cC1jb250ZW50XC91cGxvYWRzXC8yMDIxXC8wNVwvMjUtYW5vcy1TSEFORS1KRVNVUy1IRVJOQU5ERVotQVJJU1RVLmpwZyIsInNsaWRlc2hvdyI6IjZjMzQ3ZGMifQ%3D%3D\">\n\t\t\t\t\t<div class=\"e-gallery-image elementor-gallery-item__image\" data-thumbnail=\"https:\/\/sociedadhispanoalemana.com\/wp-content\/uploads\/2021\/05\/25-anos-SHANE-JESUS-HERNANDEZ-ARISTU-300x158.jpg\" data-width=\"300\" data-height=\"158\" aria-label=\"\" role=\"img\" ><\/div>\n\t\t\t\t\t\t\t\t\t\t\t<div class=\"elementor-gallery-item__overlay\"><\/div>\n\t\t\t\t\t\t\t\t\t\t\t\t\t\t<\/a>\n\t\t\t\t\t\t\t<a class=\"e-gallery-item elementor-gallery-item elementor-animated-content\" href=\"https:\/\/sociedadhispanoalemana.com\/wp-content\/uploads\/2021\/05\/JesusHernandezAristu.jpg\" data-elementor-open-lightbox=\"yes\" data-elementor-lightbox-slideshow=\"6c347dc\" data-elementor-lightbox-title=\"JesusHernandezAristu\" data-e-action-hash=\"#elementor-action%3Aaction%3Dlightbox%26settings%3DeyJpZCI6MjkxMCwidXJsIjoiaHR0cHM6XC9cL3NvY2llZGFkaGlzcGFub2FsZW1hbmEuY29tXC93cC1jb250ZW50XC91cGxvYWRzXC8yMDIxXC8wNVwvSmVzdXNIZXJuYW5kZXpBcmlzdHUuanBnIiwic2xpZGVzaG93IjoiNmMzNDdkYyJ9\">\n\t\t\t\t\t<div class=\"e-gallery-image elementor-gallery-item__image\" data-thumbnail=\"https:\/\/sociedadhispanoalemana.com\/wp-content\/uploads\/2021\/05\/JesusHernandezAristu-300x191.jpg\" data-width=\"300\" data-height=\"191\" aria-label=\"\" role=\"img\" ><\/div>\n\t\t\t\t\t\t\t\t\t\t\t<div class=\"elementor-gallery-item__overlay\"><\/div>\n\t\t\t\t\t\t\t\t\t\t\t\t\t\t<\/a>\n\t\t\t\t\t<\/div>\n\t\t\t<\/div>\n\t\t\t\t<\/div>\n\t\t\t\t\t<\/div>\n\t\t<\/div>\n\t\t\t\t\t\t\t<\/div>\n\t\t<\/section>\n\t\t\t\t<section class=\"elementor-section elementor-top-section elementor-element elementor-element-50d0a8c elementor-section-boxed elementor-section-height-default elementor-section-height-default\" data-id=\"50d0a8c\" data-element_type=\"section\">\n\t\t\t\t\t\t<div class=\"elementor-container elementor-column-gap-default\">\n\t\t\t\t\t<div class=\"elementor-column elementor-col-100 elementor-top-column elementor-element elementor-element-8f680ea\" data-id=\"8f680ea\" data-element_type=\"column\">\n\t\t\t<div class=\"elementor-widget-wrap elementor-element-populated\">\n\t\t\t\t\t\t\t\t<div class=\"elementor-element elementor-element-a40b3ef elementor-widget elementor-widget-text-editor\" data-id=\"a40b3ef\" data-element_type=\"widget\" data-widget_type=\"text-editor.default\">\n\t\t\t\t<div class=\"elementor-widget-container\">\n\t\t\t\t\t\t\t\t\t\t\t\t\t<\/div>\n\t\t\t\t<\/div>\n\t\t\t\t\t<\/div>\n\t\t<\/div>\n\t\t\t\t\t\t\t<\/div>\n\t\t<\/section>\n\t\t\t\t<section class=\"elementor-section elementor-top-section elementor-element elementor-element-719938b elementor-section-boxed elementor-section-height-default elementor-section-height-default\" data-id=\"719938b\" data-element_type=\"section\">\n\t\t\t\t\t\t<div class=\"elementor-container elementor-column-gap-default\">\n\t\t\t\t\t<div class=\"elementor-column elementor-col-100 elementor-top-column elementor-element elementor-element-e6f2446\" data-id=\"e6f2446\" data-element_type=\"column\">\n\t\t\t<div class=\"elementor-widget-wrap elementor-element-populated\">\n\t\t\t\t\t\t\t\t<div class=\"elementor-element elementor-element-5e43dd9 elementor-widget elementor-widget-text-editor\" data-id=\"5e43dd9\" data-element_type=\"widget\" data-widget_type=\"text-editor.default\">\n\t\t\t\t<div class=\"elementor-widget-container\">\n\t\t\t\t\t\t\t<p class=\" translation-block\">Aus diesem Grund w\u00fcrden wir uns sehr freuen, wenn <strong><a href=\"https:\/\/sociedadhispanoalemana.com\/modelo-carta-apoyo-candidatura-jesus-hernandez-aristu\" target=\"_self\">Sie diese Kandidatur durch die Unterzeichnung dieses Schreibens unterst\u00fctzen w\u00fcrden<\/a><\/strong>. Nach der Unterzeichnung bitten wir Sie, uns diese per E-Mail an info@sociedadhispanoalemana.com zuzusenden. Vielen Dank!<\/p>\t\t\t\t\t\t<\/div>\n\t\t\t\t<\/div>\n\t\t\t\t\t<\/div>\n\t\t<\/div>\n\t\t\t\t\t\t\t<\/div>\n\t\t<\/section>\n\t\t\t\t\t\t\t<\/div>","protected":false},"excerpt":{"rendered":"<p>La Sociedad\u00a0 Hispano-Alemana del Norte de Espa\u00f1a ha presentado a quien ha sido Presidente de nuestra Sociedad durante 15 a\u00f1os, Don Jes\u00fas Hern\u00e1ndez Aristu como candidato a recibir el premio [&hellip;]<\/p>","protected":false},"author":1,"featured_media":2910,"comment_status":"open","ping_status":"open","sticky":false,"template":"","format":"standard","meta":{"_seopress_robots_primary_cat":"none","site-sidebar-layout":"default","site-content-layout":"default","ast-site-content-layout":"","site-content-style":"default","site-sidebar-style":"default","ast-global-header-display":"","ast-banner-title-visibility":"","ast-main-header-display":"","ast-hfb-above-header-display":"","ast-hfb-below-header-display":"","ast-hfb-mobile-header-display":"","site-post-title":"","ast-breadcrumbs-content":"","ast-featured-img":"","footer-sml-layout":"","theme-transparent-header-meta":"default","adv-header-id-meta":"","stick-header-meta":"","header-above-stick-meta":"","header-main-stick-meta":"","header-below-stick-meta":"","astra-migrate-meta-layouts":"default","ast-page-background-enabled":"default","ast-page-background-meta":{"desktop":{"background-color":"","background-image":"","background-repeat":"repeat","background-position":"center center","background-size":"auto","background-attachment":"scroll","background-type":"","background-media":"","overlay-type":"","overlay-color":"","overlay-opacity":"","overlay-gradient":""},"tablet":{"background-color":"","background-image":"","background-repeat":"repeat","background-position":"center center","background-size":"auto","background-attachment":"scroll","background-type":"","background-media":"","overlay-type":"","overlay-color":"","overlay-opacity":"","overlay-gradient":""},"mobile":{"background-color":"","background-image":"","background-repeat":"repeat","background-position":"center center","background-size":"auto","background-attachment":"scroll","background-type":"","background-media":"","overlay-type":"","overlay-color":"","overlay-opacity":"","overlay-gradient":""}},"ast-content-background-meta":{"desktop":{"background-color":"var(--ast-global-color-5)","background-image":"","background-repeat":"repeat","background-position":"center center","background-size":"auto","background-attachment":"scroll","background-type":"","background-media":"","overlay-type":"","overlay-color":"","overlay-opacity":"","overlay-gradient":""},"tablet":{"background-color":"var(--ast-global-color-5)","background-image":"","background-repeat":"repeat","background-position":"center center","background-size":"auto","background-attachment":"scroll","background-type":"","background-media":"","overlay-type":"","overlay-color":"","overlay-opacity":"","overlay-gradient":""},"mobile":{"background-color":"var(--ast-global-color-5)","background-image":"","background-repeat":"repeat","background-position":"center center","background-size":"auto","background-attachment":"scroll","background-type":"","background-media":"","overlay-type":"","overlay-color":"","overlay-opacity":"","overlay-gradient":""}},"_jetpack_memberships_contains_paid_content":false,"footnotes":"","jetpack_publicize_message":"","jetpack_publicize_feature_enabled":true,"jetpack_social_post_already_shared":false,"jetpack_social_options":{"image_generator_settings":{"template":"highway","default_image_id":0,"font":"","enabled":false},"version":2}},"categories":[13,30,23,39],"tags":[],"class_list":["post-2908","post","type-post","status-publish","format-standard","has-post-thumbnail","hentry","category-actualidad","category-intercambio-cultural","category-noticias","category-testimonios"],"jetpack_publicize_connections":[],"jetpack_featured_media_url":"https:\/\/sociedadhispanoalemana.com\/wp-content\/uploads\/2021\/05\/JesusHernandezAristu.jpg","jetpack_sharing_enabled":true,"_links":{"self":[{"href":"https:\/\/sociedadhispanoalemana.com\/de\/wp-json\/wp\/v2\/posts\/2908","targetHints":{"allow":["GET"]}}],"collection":[{"href":"https:\/\/sociedadhispanoalemana.com\/de\/wp-json\/wp\/v2\/posts"}],"about":[{"href":"https:\/\/sociedadhispanoalemana.com\/de\/wp-json\/wp\/v2\/types\/post"}],"author":[{"embeddable":true,"href":"https:\/\/sociedadhispanoalemana.com\/de\/wp-json\/wp\/v2\/users\/1"}],"replies":[{"embeddable":true,"href":"https:\/\/sociedadhispanoalemana.com\/de\/wp-json\/wp\/v2\/comments?post=2908"}],"version-history":[{"count":16,"href":"https:\/\/sociedadhispanoalemana.com\/de\/wp-json\/wp\/v2\/posts\/2908\/revisions"}],"predecessor-version":[{"id":2973,"href":"https:\/\/sociedadhispanoalemana.com\/de\/wp-json\/wp\/v2\/posts\/2908\/revisions\/2973"}],"wp:featuredmedia":[{"embeddable":true,"href":"https:\/\/sociedadhispanoalemana.com\/de\/wp-json\/wp\/v2\/media\/2910"}],"wp:attachment":[{"href":"https:\/\/sociedadhispanoalemana.com\/de\/wp-json\/wp\/v2\/media?parent=2908"}],"wp:term":[{"taxonomy":"category","embeddable":true,"href":"https:\/\/sociedadhispanoalemana.com\/de\/wp-json\/wp\/v2\/categories?post=2908"},{"taxonomy":"post_tag","embeddable":true,"href":"https:\/\/sociedadhispanoalemana.com\/de\/wp-json\/wp\/v2\/tags?post=2908"}],"curies":[{"name":"wp","href":"https:\/\/api.w.org\/{rel}","templated":true}]}}