{"id":3170,"date":"2021-10-12T10:06:17","date_gmt":"2021-10-12T10:06:17","guid":{"rendered":"https:\/\/sociedadhispanoalemana.com\/?p=3170"},"modified":"2021-10-12T10:57:47","modified_gmt":"2021-10-12T10:57:47","slug":"concierto-proyecto-beethoven","status":"publish","type":"post","link":"https:\/\/sociedadhispanoalemana.com\/de\/concierto-proyecto-beethoven","title":{"rendered":"Concierto \u201eProyecto Beethoven\u201c"},"content":{"rendered":"<div data-elementor-type=\"wp-post\" data-elementor-id=\"3170\" class=\"elementor elementor-3170\" data-elementor-post-type=\"post\">\n\t\t\t\t\t\t\t\t\t<section class=\"elementor-section elementor-top-section elementor-element elementor-element-1cdf7853 elementor-section-boxed elementor-section-height-default elementor-section-height-default\" data-id=\"1cdf7853\" data-element_type=\"section\">\n\t\t\t\t\t\t<div class=\"elementor-container elementor-column-gap-default\">\n\t\t\t\t\t<div class=\"elementor-column elementor-col-100 elementor-top-column elementor-element elementor-element-50df3900\" data-id=\"50df3900\" data-element_type=\"column\">\n\t\t\t<div class=\"elementor-widget-wrap elementor-element-populated\">\n\t\t\t\t\t\t\t\t<div class=\"elementor-element elementor-element-67c22925 elementor-widget elementor-widget-text-editor\" data-id=\"67c22925\" data-element_type=\"widget\" data-widget_type=\"text-editor.default\">\n\t\t\t\t<div class=\"elementor-widget-container\">\n\t\t\t\t\t\t\t<p><!-- wp:paragraph --><\/p>\n<p>En el marco de la Semana Cultural 29 de la SHANE os invitamos el pr\u00f3ximo d\u00eda s\u00e1bado 16 de octubre a un especial concierto en la Sacrist\u00eda de la Catedral de Pamplona.<\/p>\n<p><!-- \/wp:paragraph --><\/p>\n<p><!-- wp:paragraph --><\/p>\n<p><span style=\"font-size: 16px;\">Cu\u00e1ndo: s\u00e1bado,d\u00eda 16 octubre 2021<\/span><\/p>\n<p>A qu\u00e9 hora? 18:00h<\/p>\n<p>En d\u00f3nde?\u00a0<span style=\"font-size: 16px; font-style: normal; font-weight: 400;\">acrist\u00eda de la Catedral de Pamplona<\/span><\/p>\n<p><span style=\"font-size: 16px;\">Concierto TR\u00cdO DE PIANO DE HANNOVER &amp; KONSTANTIN SELLHEIM<\/span><\/p>\n<p><!-- \/wp:paragraph --><\/p>\n<p><!-- wp:paragraph --><\/p>\n<p>Con el \u201eProyecto Beethoven\u201c, el Tr\u00edo de Piano de Hannover, junto con el violista Konstantin Sellheim de la\u00a0Filarm\u00f3nica de M\u00fanich, presentan los maravillosos cuartetos de piano del compositor Ludwig van\u00a0Beethoven con motivo de su 250 aniversario.<\/p>\n<p><!-- \/wp:paragraph --><\/p>\n<p><!-- wp:paragraph --><\/p>\n<p><span style=\"font-size: 16px;\">Necesaria inscripci\u00f3n previa,\u00a0<\/span><u style=\"font-style: inherit; font-weight: inherit;\"><a href=\"https:\/\/forms.gle\/TWEehJrzMWMuEusL6\" target=\"_blank\" rel=\"noopener\">para inscribirte pincha aqui.<\/a>\u00a0<\/u><\/p>\n<p><!-- \/wp:paragraph --><\/p>\n<p><!-- wp:paragraph --><\/p>\n<p>Os invitamos a disfrutar de las actividades programadas durante los d\u00edas 16 al 22 de octubre. Para saber m\u00e1s sobre las dem\u00e1s actividades del\u00a0<a style=\"font-size: 16px; font-weight: inherit; background-color: #ffffff;\" href=\"https:\/\/sociedadhispanoalemana.com\/de\/semana-cultural-2021\/\" target=\"_blank\" rel=\"noopener\">programa visita la p\u00e1gina de la Semana Culutral 2021<i> pinchando aqu\u00ed.<\/i><\/a><\/p>\n<p><!-- \/wp:paragraph --><\/p>\t\t\t\t\t\t<\/div>\n\t\t\t\t<\/div>\n\t\t\t\t\t<\/div>\n\t\t<\/div>\n\t\t\t\t\t\t\t<\/div>\n\t\t<\/section>\n\t\t\t\t\t\t\t<\/div>","protected":false},"excerpt":{"rendered":"<p>En el marco de la Semana Cultural 29 de la SHANE os invitamos el pr\u00f3ximo d\u00eda s\u00e1bado 16 de octubre a un especial concierto en la Sacrist\u00eda de la Catedral [&hellip;]<\/p>","protected":false},"author":1,"featured_media":3172,"comment_status":"open","ping_status":"open","sticky":false,"template":"","format":"standard","meta":{"_seopress_robots_primary_cat":"none","site-sidebar-layout":"default","site-content-layout":"default","ast-site-content-layout":"","site-content-style":"default","site-sidebar-style":"default","ast-global-header-display":"","ast-banner-title-visibility":"","ast-main-header-display":"","ast-hfb-above-header-display":"","ast-hfb-below-header-display":"","ast-hfb-mobile-header-display":"","site-post-title":"","ast-breadcrumbs-content":"","ast-featured-img":"","footer-sml-layout":"","theme-transparent-header-meta":"default","adv-header-id-meta":"","stick-header-meta":"","header-above-stick-meta":"","header-main-stick-meta":"","header-below-stick-meta":"","astra-migrate-meta-layouts":"default","ast-page-background-enabled":"default","ast-page-background-meta":{"desktop":{"background-color":"","background-image":"","background-repeat":"repeat","background-position":"center center","background-size":"auto","background-attachment":"scroll","background-type":"","background-media":"","overlay-type":"","overlay-color":"","overlay-opacity":"","overlay-gradient":""},"tablet":{"background-color":"","background-image":"","background-repeat":"repeat","background-position":"center center","background-size":"auto","background-attachment":"scroll","background-type":"","background-media":"","overlay-type":"","overlay-color":"","overlay-opacity":"","overlay-gradient":""},"mobile":{"background-color":"","background-image":"","background-repeat":"repeat","background-position":"center center","background-size":"auto","background-attachment":"scroll","background-type":"","background-media":"","overlay-type":"","overlay-color":"","overlay-opacity":"","overlay-gradient":""}},"ast-content-background-meta":{"desktop":{"background-color":"var(--ast-global-color-5)","background-image":"","background-repeat":"repeat","background-position":"center center","background-size":"auto","background-attachment":"scroll","background-type":"","background-media":"","overlay-type":"","overlay-color":"","overlay-opacity":"","overlay-gradient":""},"tablet":{"background-color":"var(--ast-global-color-5)","background-image":"","background-repeat":"repeat","background-position":"center center","background-size":"auto","background-attachment":"scroll","background-type":"","background-media":"","overlay-type":"","overlay-color":"","overlay-opacity":"","overlay-gradient":""},"mobile":{"background-color":"var(--ast-global-color-5)","background-image":"","background-repeat":"repeat","background-position":"center center","background-size":"auto","background-attachment":"scroll","background-type":"","background-media":"","overlay-type":"","overlay-color":"","overlay-opacity":"","overlay-gradient":""}},"_jetpack_memberships_contains_paid_content":false,"footnotes":"","jetpack_publicize_message":"","jetpack_publicize_feature_enabled":true,"jetpack_social_post_already_shared":false,"jetpack_social_options":{"image_generator_settings":{"template":"highway","default_image_id":0,"font":"","enabled":false},"version":2}},"categories":[12,13,30,15],"tags":[],"class_list":["post-3170","post","type-post","status-publish","format-standard","has-post-thumbnail","hentry","category-actividades","category-actualidad","category-intercambio-cultural","category-semana-cultural"],"jetpack_publicize_connections":[],"jetpack_featured_media_url":"https:\/\/sociedadhispanoalemana.com\/wp-content\/uploads\/2021\/10\/klavier.jpg","jetpack_sharing_enabled":true,"_links":{"self":[{"href":"https:\/\/sociedadhispanoalemana.com\/de\/wp-json\/wp\/v2\/posts\/3170","targetHints":{"allow":["GET"]}}],"collection":[{"href":"https:\/\/sociedadhispanoalemana.com\/de\/wp-json\/wp\/v2\/posts"}],"about":[{"href":"https:\/\/sociedadhispanoalemana.com\/de\/wp-json\/wp\/v2\/types\/post"}],"author":[{"embeddable":true,"href":"https:\/\/sociedadhispanoalemana.com\/de\/wp-json\/wp\/v2\/users\/1"}],"replies":[{"embeddable":true,"href":"https:\/\/sociedadhispanoalemana.com\/de\/wp-json\/wp\/v2\/comments?post=3170"}],"version-history":[{"count":18,"href":"https:\/\/sociedadhispanoalemana.com\/de\/wp-json\/wp\/v2\/posts\/3170\/revisions"}],"predecessor-version":[{"id":3197,"href":"https:\/\/sociedadhispanoalemana.com\/de\/wp-json\/wp\/v2\/posts\/3170\/revisions\/3197"}],"wp:featuredmedia":[{"embeddable":true,"href":"https:\/\/sociedadhispanoalemana.com\/de\/wp-json\/wp\/v2\/media\/3172"}],"wp:attachment":[{"href":"https:\/\/sociedadhispanoalemana.com\/de\/wp-json\/wp\/v2\/media?parent=3170"}],"wp:term":[{"taxonomy":"category","embeddable":true,"href":"https:\/\/sociedadhispanoalemana.com\/de\/wp-json\/wp\/v2\/categories?post=3170"},{"taxonomy":"post_tag","embeddable":true,"href":"https:\/\/sociedadhispanoalemana.com\/de\/wp-json\/wp\/v2\/tags?post=3170"}],"curies":[{"name":"wp","href":"https:\/\/api.w.org\/{rel}","templated":true}]}}