{"id":3626,"date":"2022-09-25T07:40:50","date_gmt":"2022-09-25T07:40:50","guid":{"rendered":"https:\/\/sociedadhispanoalemana.com\/?page_id=3626"},"modified":"2024-10-07T16:42:53","modified_gmt":"2024-10-07T16:42:53","slug":"blogprogramasemanacultural2022","status":"publish","type":"post","link":"https:\/\/sociedadhispanoalemana.com\/de\/blogprogramasemanacultural2022","title":{"rendered":"PROGRAMM XXX. SPANISCH-DEUTSCHE KULTURWOCHE"},"content":{"rendered":"<div data-elementor-type=\"wp-page\" data-elementor-id=\"3626\" class=\"elementor elementor-3626\" data-elementor-post-type=\"post\">\n\t\t\t\t\t\t\t\t\t<section class=\"elementor-section elementor-top-section elementor-element elementor-element-7b330040 elementor-section-boxed elementor-section-height-default elementor-section-height-default\" data-id=\"7b330040\" data-element_type=\"section\" data-settings=\"{&quot;background_background&quot;:&quot;classic&quot;}\">\n\t\t\t\t\t\t\t<div class=\"elementor-background-overlay\"><\/div>\n\t\t\t\t\t\t\t<div class=\"elementor-container elementor-column-gap-default\">\n\t\t\t\t\t<div class=\"elementor-column elementor-col-100 elementor-top-column elementor-element elementor-element-2fbe6247\" data-id=\"2fbe6247\" data-element_type=\"column\">\n\t\t\t<div class=\"elementor-widget-wrap elementor-element-populated\">\n\t\t\t\t\t\t\t\t<div class=\"elementor-element elementor-element-493961c3 elementor-widget elementor-widget-heading\" data-id=\"493961c3\" data-element_type=\"widget\" data-widget_type=\"heading.default\">\n\t\t\t\t<div class=\"elementor-widget-container\">\n\t\t\t<h1 class=\"elementor-heading-title elementor-size-default\">XXX. SPANISCH-DEUTSCHE KULTURWOCHE <\/h1>\t\t<\/div>\n\t\t\t\t<\/div>\n\t\t\t\t\t<\/div>\n\t\t<\/div>\n\t\t\t\t\t\t\t<\/div>\n\t\t<\/section>\n\t\t\t\t<section class=\"elementor-section elementor-top-section elementor-element elementor-element-278aaf7c elementor-section-boxed elementor-section-height-default elementor-section-height-default\" data-id=\"278aaf7c\" data-element_type=\"section\">\n\t\t\t\t\t\t<div class=\"elementor-container elementor-column-gap-default\">\n\t\t\t\t\t<div class=\"elementor-column elementor-col-100 elementor-top-column elementor-element elementor-element-1c4c470\" data-id=\"1c4c470\" data-element_type=\"column\">\n\t\t\t<div class=\"elementor-widget-wrap elementor-element-populated\">\n\t\t\t\t\t\t\t\t<div class=\"elementor-element elementor-element-2daee7e0 elementor-widget elementor-widget-heading\" data-id=\"2daee7e0\" data-element_type=\"widget\" data-widget_type=\"heading.default\">\n\t\t\t\t<div class=\"elementor-widget-container\">\n\t\t\t<h2 class=\"elementor-heading-title elementor-size-default\">PROGRAMM<\/h2>\t\t<\/div>\n\t\t\t\t<\/div>\n\t\t\t\t\t<\/div>\n\t\t<\/div>\n\t\t\t\t\t\t\t<\/div>\n\t\t<\/section>\n\t\t\t\t<section class=\"elementor-section elementor-top-section elementor-element elementor-element-2ed254d elementor-reverse-mobile elementor-section-boxed elementor-section-height-default elementor-section-height-default\" data-id=\"2ed254d\" data-element_type=\"section\">\n\t\t\t\t\t\t<div class=\"elementor-container elementor-column-gap-no\">\n\t\t\t\t\t<div class=\"elementor-column elementor-col-50 elementor-top-column elementor-element elementor-element-3665f48b\" data-id=\"3665f48b\" data-element_type=\"column\">\n\t\t\t<div class=\"elementor-widget-wrap elementor-element-populated\">\n\t\t\t\t\t\t\t\t<div class=\"elementor-element elementor-element-4c2bdbff elementor-widget elementor-widget-heading\" data-id=\"4c2bdbff\" data-element_type=\"widget\" data-widget_type=\"heading.default\">\n\t\t\t\t<div class=\"elementor-widget-container\">\n\t\t\t<h2 class=\"elementor-heading-title elementor-size-default\">Freitag, 7. Oktober<\/h2>\t\t<\/div>\n\t\t\t\t<\/div>\n\t\t\t\t<div class=\"elementor-element elementor-element-23f577b1 elementor-widget elementor-widget-text-editor\" data-id=\"23f577b1\" data-element_type=\"widget\" data-widget_type=\"text-editor.default\">\n\t\t\t\t<div class=\"elementor-widget-container\">\n\t\t\t\t\t\t\t<p class=\" translation-block\">19:30 Uhr. Feierliche Er\u00f6ffnung der XXX. Kulturwoche durch den B\u00fcrgermeister der Stadt Paderborn, H. Michael Dreier.\nGru\u00dfworte des B\u00fcrgermeisters von Pamplona, H. Enrique Maya und von einem Vetreter der deutschen Botschaft in\nMadrid.\nMusikalische Begleitung durch einige Musiker des Domchors von Paderborn.\nVeranstaltungsort: Hotel Iru\u00f1a Park, Arcadio Mar\u00eda Larraona 1, Pamplona.\nAnschlie\u00dfender Aperitif mit Verkostung deutscher Produkte.\nBeitrag: 12\u20ac\/Person.\nVorherige Anmeldung erforderlich<\/p>\n<p><i><span style=\"font-weight: 400;\">Intervenci\u00f3n musical a cargo de una parte del Coro de la Catedral de Paderborn.<\/span><\/i><\/p>\n<p><i><span style=\"font-weight: 400;\">Lugar: Hotel Iru\u00f1a Park, Arcadio Mar\u00eda Larraona 1, Pamplona.<\/span><\/i><\/p>\n<p><i><span style=\"font-weight: 400;\">Aperitivo posterior con degustaci\u00f3n de productos alemanes y cerveza Paulaner. Aportaci\u00f3n: 12\u20ac\/persona.<\/span><\/i><\/p>\n<p><i><span style=\"font-weight: 400;\">Vorherige Anmeldung erforderlich.<\/span><\/i><\/p>\t\t\t\t\t\t<\/div>\n\t\t\t\t<\/div>\n\t\t\t\t<div class=\"elementor-element elementor-element-7b450beb elementor-widget elementor-widget-button\" data-id=\"7b450beb\" data-element_type=\"widget\" data-widget_type=\"button.default\">\n\t\t\t\t<div class=\"elementor-widget-container\">\n\t\t\t\t\t<div class=\"elementor-button-wrapper\">\n\t\t\t<a class=\"elementor-button elementor-button-link elementor-size-sm\" href=\"https:\/\/forms.gle\/oEza6gg95F4BgxLZ6\" target=\"_blank\">\n\t\t\t\t\t\t<span class=\"elementor-button-content-wrapper\">\n\t\t\t\t\t\t<span class=\"elementor-button-text\">Anmeldung<\/span>\n\t\t<\/span>\n\t\t\t\t\t<\/a>\n\t\t<\/div>\n\t\t\t\t<\/div>\n\t\t\t\t<\/div>\n\t\t\t\t\t<\/div>\n\t\t<\/div>\n\t\t\t\t<div class=\"elementor-column elementor-col-50 elementor-top-column elementor-element elementor-element-61acd691\" data-id=\"61acd691\" data-element_type=\"column\">\n\t\t\t<div class=\"elementor-widget-wrap elementor-element-populated\">\n\t\t\t\t\t\t\t\t\t<\/div>\n\t\t<\/div>\n\t\t\t\t\t\t\t<\/div>\n\t\t<\/section>\n\t\t\t\t<section class=\"elementor-section elementor-top-section elementor-element elementor-element-3dc81fb5 elementor-section-boxed elementor-section-height-default elementor-section-height-default\" data-id=\"3dc81fb5\" data-element_type=\"section\">\n\t\t\t\t\t\t<div class=\"elementor-container elementor-column-gap-no\">\n\t\t\t\t\t<div class=\"elementor-column elementor-col-50 elementor-top-column elementor-element elementor-element-3b7f1ed5\" data-id=\"3b7f1ed5\" data-element_type=\"column\">\n\t\t\t<div class=\"elementor-widget-wrap elementor-element-populated\">\n\t\t\t\t\t\t\t\t\t<\/div>\n\t\t<\/div>\n\t\t\t\t<div class=\"elementor-column elementor-col-50 elementor-top-column elementor-element elementor-element-5f081d4f\" data-id=\"5f081d4f\" data-element_type=\"column\">\n\t\t\t<div class=\"elementor-widget-wrap elementor-element-populated\">\n\t\t\t\t\t\t\t\t<div class=\"elementor-element elementor-element-5db4607 elementor-widget elementor-widget-heading\" data-id=\"5db4607\" data-element_type=\"widget\" data-widget_type=\"heading.default\">\n\t\t\t\t<div class=\"elementor-widget-container\">\n\t\t\t<h2 class=\"elementor-heading-title elementor-size-default\">Samstag, 8. Oktober<\/h2>\t\t<\/div>\n\t\t\t\t<\/div>\n\t\t\t\t<div class=\"elementor-element elementor-element-6f7b0e07 elementor-widget elementor-widget-text-editor\" data-id=\"6f7b0e07\" data-element_type=\"widget\" data-widget_type=\"text-editor.default\">\n\t\t\t\t<div class=\"elementor-widget-container\">\n\t\t\t\t\t\t\t<p class=\" translation-block\">10:30 Uhr. Wanderung zum \"Centro de Interpretaci\u00f3n del vacuno de leche de Lacturale en Etxeberri\" (MilchviehInterpretationszentrum) (Carretera Madoz, s\/n). Anschlie\u00dfender Aperitif im Restaurante Iratzar.<\/p>\n<p><i><span style=\"font-weight: 400;\">&nbsp;Erwachsene 10\u20ac, Kinder 7\u20ac<\/span><\/i><\/p>\n<p><i><span style=\"font-weight: 400;\">Vorherige Anmeldung erforderlich.<\/span><\/i><\/p>\t\t\t\t\t\t<\/div>\n\t\t\t\t<\/div>\n\t\t\t\t<div class=\"elementor-element elementor-element-2a7d1900 elementor-widget elementor-widget-button\" data-id=\"2a7d1900\" data-element_type=\"widget\" data-widget_type=\"button.default\">\n\t\t\t\t<div class=\"elementor-widget-container\">\n\t\t\t\t\t<div class=\"elementor-button-wrapper\">\n\t\t\t<a class=\"elementor-button elementor-button-link elementor-size-sm\" href=\"https:\/\/forms.gle\/oEza6gg95F4BgxLZ6\" target=\"_blank\">\n\t\t\t\t\t\t<span class=\"elementor-button-content-wrapper\">\n\t\t\t\t\t\t<span class=\"elementor-button-text\">Anmeldung<\/span>\n\t\t<\/span>\n\t\t\t\t\t<\/a>\n\t\t<\/div>\n\t\t\t\t<\/div>\n\t\t\t\t<\/div>\n\t\t\t\t\t<\/div>\n\t\t<\/div>\n\t\t\t\t\t\t\t<\/div>\n\t\t<\/section>\n\t\t\t\t<section class=\"elementor-section elementor-top-section elementor-element elementor-element-308e0f3d elementor-reverse-mobile elementor-section-boxed elementor-section-height-default elementor-section-height-default\" data-id=\"308e0f3d\" data-element_type=\"section\">\n\t\t\t\t\t\t<div class=\"elementor-container elementor-column-gap-no\">\n\t\t\t\t\t<div class=\"elementor-column elementor-col-50 elementor-top-column elementor-element elementor-element-7daa4cfa\" data-id=\"7daa4cfa\" data-element_type=\"column\">\n\t\t\t<div class=\"elementor-widget-wrap elementor-element-populated\">\n\t\t\t\t\t\t\t\t<div class=\"elementor-element elementor-element-2c172b3b elementor-widget elementor-widget-heading\" data-id=\"2c172b3b\" data-element_type=\"widget\" data-widget_type=\"heading.default\">\n\t\t\t\t<div class=\"elementor-widget-container\">\n\t\t\t<h2 class=\"elementor-heading-title elementor-size-default\">Sonntag, 9. Oktober<\/h2>\t\t<\/div>\n\t\t\t\t<\/div>\n\t\t\t\t<div class=\"elementor-element elementor-element-501bddc3 elementor-widget elementor-widget-text-editor\" data-id=\"501bddc3\" data-element_type=\"widget\" data-widget_type=\"text-editor.default\">\n\t\t\t\t<div class=\"elementor-widget-container\">\n\t\t\t\t\t\t\t<p class=\" translation-block\">12:00 Uhr. Heilige Messe in der Kathedrale von Pamplona mit der musikalischen Begleitung des Domchors Paderborn und\nder Musikkapelle der Kathedrale von Pamplona<\/p>\t\t\t\t\t\t<\/div>\n\t\t\t\t<\/div>\n\t\t\t\t<div class=\"elementor-element elementor-element-3f80b7f3 elementor-widget elementor-widget-button\" data-id=\"3f80b7f3\" data-element_type=\"widget\" data-widget_type=\"button.default\">\n\t\t\t\t<div class=\"elementor-widget-container\">\n\t\t\t\t\t<div class=\"elementor-button-wrapper\">\n\t\t\t<a class=\"elementor-button elementor-button-link elementor-size-sm\" href=\"#\">\n\t\t\t\t\t\t<span class=\"elementor-button-content-wrapper\">\n\t\t\t\t\t\t<span class=\"elementor-button-text\">Eintritt Frei<\/span>\n\t\t<\/span>\n\t\t\t\t\t<\/a>\n\t\t<\/div>\n\t\t\t\t<\/div>\n\t\t\t\t<\/div>\n\t\t\t\t\t<\/div>\n\t\t<\/div>\n\t\t\t\t<div class=\"elementor-column elementor-col-50 elementor-top-column elementor-element elementor-element-4ebd36dd\" data-id=\"4ebd36dd\" data-element_type=\"column\">\n\t\t\t<div class=\"elementor-widget-wrap elementor-element-populated\">\n\t\t\t\t\t\t\t\t<div class=\"elementor-element elementor-element-29ec4056 elementor-widget elementor-widget-image\" data-id=\"29ec4056\" data-element_type=\"widget\" data-widget_type=\"image.default\">\n\t\t\t\t<div class=\"elementor-widget-container\">\n\t\t\t\t\t\t\t\t\t\t\t\t\t\t\t<img loading=\"lazy\" decoding=\"async\" width=\"1024\" height=\"1024\" src=\"https:\/\/sociedadhispanoalemana.com\/wp-content\/uploads\/2022\/09\/undine-5-1024x1024.png\" class=\"attachment-large size-large wp-image-3492\" alt=\"\" srcset=\"https:\/\/sociedadhispanoalemana.com\/wp-content\/uploads\/2022\/09\/undine-5-1024x1024.png 1024w, https:\/\/sociedadhispanoalemana.com\/wp-content\/uploads\/2022\/09\/undine-5-300x300.png 300w, https:\/\/sociedadhispanoalemana.com\/wp-content\/uploads\/2022\/09\/undine-5-150x150.png 150w, https:\/\/sociedadhispanoalemana.com\/wp-content\/uploads\/2022\/09\/undine-5-768x768.png 768w, https:\/\/sociedadhispanoalemana.com\/wp-content\/uploads\/2022\/09\/undine-5-12x12.png 12w, https:\/\/sociedadhispanoalemana.com\/wp-content\/uploads\/2022\/09\/undine-5.png 1080w\" sizes=\"auto, (max-width: 1024px) 100vw, 1024px\" \/>\t\t\t\t\t\t\t\t\t\t\t\t\t\t\t<\/div>\n\t\t\t\t<\/div>\n\t\t\t\t\t<\/div>\n\t\t<\/div>\n\t\t\t\t\t\t\t<\/div>\n\t\t<\/section>\n\t\t\t\t<section class=\"elementor-section elementor-top-section elementor-element elementor-element-5884b000 elementor-section-boxed elementor-section-height-default elementor-section-height-default\" data-id=\"5884b000\" data-element_type=\"section\">\n\t\t\t\t\t\t<div class=\"elementor-container elementor-column-gap-no\">\n\t\t\t\t\t<div class=\"elementor-column elementor-col-50 elementor-top-column elementor-element elementor-element-64be1ae1\" data-id=\"64be1ae1\" data-element_type=\"column\">\n\t\t\t<div class=\"elementor-widget-wrap elementor-element-populated\">\n\t\t\t\t\t\t\t\t<div class=\"elementor-element elementor-element-531f7b93 elementor-widget elementor-widget-image\" data-id=\"531f7b93\" data-element_type=\"widget\" data-widget_type=\"image.default\">\n\t\t\t\t<div class=\"elementor-widget-container\">\n\t\t\t\t\t\t\t\t\t\t\t\t\t\t\t<img loading=\"lazy\" decoding=\"async\" width=\"1024\" height=\"1024\" src=\"https:\/\/sociedadhispanoalemana.com\/wp-content\/uploads\/2022\/09\/undine-6-1024x1024.png\" class=\"attachment-large size-large wp-image-3498\" alt=\"\" srcset=\"https:\/\/sociedadhispanoalemana.com\/wp-content\/uploads\/2022\/09\/undine-6-1024x1024.png 1024w, https:\/\/sociedadhispanoalemana.com\/wp-content\/uploads\/2022\/09\/undine-6-300x300.png 300w, https:\/\/sociedadhispanoalemana.com\/wp-content\/uploads\/2022\/09\/undine-6-150x150.png 150w, https:\/\/sociedadhispanoalemana.com\/wp-content\/uploads\/2022\/09\/undine-6-768x768.png 768w, https:\/\/sociedadhispanoalemana.com\/wp-content\/uploads\/2022\/09\/undine-6-12x12.png 12w, https:\/\/sociedadhispanoalemana.com\/wp-content\/uploads\/2022\/09\/undine-6.png 1080w\" sizes=\"auto, (max-width: 1024px) 100vw, 1024px\" \/>\t\t\t\t\t\t\t\t\t\t\t\t\t\t\t<\/div>\n\t\t\t\t<\/div>\n\t\t\t\t\t<\/div>\n\t\t<\/div>\n\t\t\t\t<div class=\"elementor-column elementor-col-50 elementor-top-column elementor-element elementor-element-61ff2829\" data-id=\"61ff2829\" data-element_type=\"column\">\n\t\t\t<div class=\"elementor-widget-wrap elementor-element-populated\">\n\t\t\t\t\t\t\t\t<div class=\"elementor-element elementor-element-3d1dabbe elementor-widget elementor-widget-heading\" data-id=\"3d1dabbe\" data-element_type=\"widget\" data-widget_type=\"heading.default\">\n\t\t\t\t<div class=\"elementor-widget-container\">\n\t\t\t<h2 class=\"elementor-heading-title elementor-size-default\">Montag, 10. Oktober<\/h2>\t\t<\/div>\n\t\t\t\t<\/div>\n\t\t\t\t<div class=\"elementor-element elementor-element-617be569 elementor-widget elementor-widget-text-editor\" data-id=\"617be569\" data-element_type=\"widget\" data-widget_type=\"text-editor.default\">\n\t\t\t\t<div class=\"elementor-widget-container\">\n\t\t\t\t\t\t\t<p class=\" translation-block\">9:15 Uhr. Besuch des B\u00fcrgermeisters von Paderborn Michael Dreier an der Schule Paderborn in Pamplona.<\/p><p class=\" translation-block\">10:00 Uhr. Deutschsprachige Stadtf\u00fchrung durch Pamplona mit Dr. Andreas Drouve, historisches Zentrum,\nStadtmauern etc.\nTreffpunkt: Kiosk der Plaza del Castillo<\/p><p class=\" translation-block\">12:00 Uhr. Empfang des Paderborner Chors im Rathaus von Pamplona durch den B\u00fcrgermeister, Herr Enrique Maya.<\/p><p>\u00a0<\/p>\t\t\t\t\t\t<\/div>\n\t\t\t\t<\/div>\n\t\t\t\t\t<\/div>\n\t\t<\/div>\n\t\t\t\t\t\t\t<\/div>\n\t\t<\/section>\n\t\t\t\t<section class=\"elementor-section elementor-top-section elementor-element elementor-element-620787ba elementor-reverse-mobile elementor-section-boxed elementor-section-height-default elementor-section-height-default\" data-id=\"620787ba\" data-element_type=\"section\">\n\t\t\t\t\t\t<div class=\"elementor-container elementor-column-gap-no\">\n\t\t\t\t\t<div class=\"elementor-column elementor-col-50 elementor-top-column elementor-element elementor-element-3510f048\" data-id=\"3510f048\" data-element_type=\"column\">\n\t\t\t<div class=\"elementor-widget-wrap elementor-element-populated\">\n\t\t\t\t\t\t\t\t<div class=\"elementor-element elementor-element-67840217 elementor-widget elementor-widget-heading\" data-id=\"67840217\" data-element_type=\"widget\" data-widget_type=\"heading.default\">\n\t\t\t\t<div class=\"elementor-widget-container\">\n\t\t\t<h2 class=\"elementor-heading-title elementor-size-default\">Montag, 10. Oktober<\/h2>\t\t<\/div>\n\t\t\t\t<\/div>\n\t\t\t\t<div class=\"elementor-element elementor-element-18895a4a elementor-widget elementor-widget-text-editor\" data-id=\"18895a4a\" data-element_type=\"widget\" data-widget_type=\"text-editor.default\">\n\t\t\t\t<div class=\"elementor-widget-container\">\n\t\t\t\t\t\t\t<p class=\" translation-block\">Vorf\u00fchrung eines deutschen Filmes mit spanischen Untertiteln. Film: Undine, 2020. 89 Minuten. Regisseur:\nChristian Petzold.\nVeranstaltungsort: Cines Golem Baiona.\nEintritt: Mitglieder 3\u20ac, nicht Mitglieder 4,90\u20ac<\/p><p><i><span style=\"font-weight: 400;\">KINO: Cines Golem Baiona. <\/span><\/i><\/p><p><i><span style=\"font-weight: 400;\">Eintritt: Mitglieder 3\u20ac, Nicht-Mitglieder 4,90\u20ac. <strong>Socios 3\u20ac, no socios 4,90\u20ac\u00a0<\/strong><\/span><\/i><\/p>\t\t\t\t\t\t<\/div>\n\t\t\t\t<\/div>\n\t\t\t\t<div class=\"elementor-element elementor-element-610d4742 elementor-widget elementor-widget-button\" data-id=\"610d4742\" data-element_type=\"widget\" data-widget_type=\"button.default\">\n\t\t\t\t<div class=\"elementor-widget-container\">\n\t\t\t\t\t<div class=\"elementor-button-wrapper\">\n\t\t\t<a class=\"elementor-button elementor-button-link elementor-size-sm\" href=\"https:\/\/www.golem.es\/golem\/golem-baiona\" target=\"_blank\">\n\t\t\t\t\t\t<span class=\"elementor-button-content-wrapper\">\n\t\t\t\t\t\t<span class=\"elementor-button-text\">golem baiona<\/span>\n\t\t<\/span>\n\t\t\t\t\t<\/a>\n\t\t<\/div>\n\t\t\t\t<\/div>\n\t\t\t\t<\/div>\n\t\t\t\t\t<\/div>\n\t\t<\/div>\n\t\t\t\t<div class=\"elementor-column elementor-col-50 elementor-top-column elementor-element elementor-element-43b22959\" data-id=\"43b22959\" data-element_type=\"column\">\n\t\t\t<div class=\"elementor-widget-wrap elementor-element-populated\">\n\t\t\t\t\t\t\t\t<div class=\"elementor-element elementor-element-7a1e401f elementor-widget elementor-widget-image\" data-id=\"7a1e401f\" data-element_type=\"widget\" data-widget_type=\"image.default\">\n\t\t\t\t<div class=\"elementor-widget-container\">\n\t\t\t\t\t\t\t\t\t\t\t\t\t\t\t<img loading=\"lazy\" decoding=\"async\" width=\"1024\" height=\"1024\" src=\"https:\/\/sociedadhispanoalemana.com\/wp-content\/uploads\/2022\/09\/undine-1024x1024.png\" class=\"attachment-large size-large wp-image-3474\" alt=\"\" srcset=\"https:\/\/sociedadhispanoalemana.com\/wp-content\/uploads\/2022\/09\/undine-1024x1024.png 1024w, https:\/\/sociedadhispanoalemana.com\/wp-content\/uploads\/2022\/09\/undine-300x300.png 300w, https:\/\/sociedadhispanoalemana.com\/wp-content\/uploads\/2022\/09\/undine-150x150.png 150w, https:\/\/sociedadhispanoalemana.com\/wp-content\/uploads\/2022\/09\/undine-768x768.png 768w, https:\/\/sociedadhispanoalemana.com\/wp-content\/uploads\/2022\/09\/undine-12x12.png 12w, https:\/\/sociedadhispanoalemana.com\/wp-content\/uploads\/2022\/09\/undine.png 1080w\" sizes=\"auto, (max-width: 1024px) 100vw, 1024px\" \/>\t\t\t\t\t\t\t\t\t\t\t\t\t\t\t<\/div>\n\t\t\t\t<\/div>\n\t\t\t\t\t<\/div>\n\t\t<\/div>\n\t\t\t\t\t\t\t<\/div>\n\t\t<\/section>\n\t\t\t\t<section class=\"elementor-section elementor-top-section elementor-element elementor-element-37e9d356 elementor-section-boxed elementor-section-height-default elementor-section-height-default\" data-id=\"37e9d356\" data-element_type=\"section\">\n\t\t\t\t\t\t<div class=\"elementor-container elementor-column-gap-no\">\n\t\t\t\t\t<div class=\"elementor-column elementor-col-50 elementor-top-column elementor-element elementor-element-7533852f\" data-id=\"7533852f\" data-element_type=\"column\">\n\t\t\t<div class=\"elementor-widget-wrap elementor-element-populated\">\n\t\t\t\t\t\t\t\t<div class=\"elementor-element elementor-element-72f8c2f6 elementor-widget elementor-widget-image\" data-id=\"72f8c2f6\" data-element_type=\"widget\" data-widget_type=\"image.default\">\n\t\t\t\t<div class=\"elementor-widget-container\">\n\t\t\t\t\t\t\t\t\t\t\t\t\t\t\t<img loading=\"lazy\" decoding=\"async\" width=\"1024\" height=\"1024\" src=\"https:\/\/sociedadhispanoalemana.com\/wp-content\/uploads\/2022\/09\/undine-9-1024x1024.png\" class=\"attachment-large size-large wp-image-3506\" alt=\"\" srcset=\"https:\/\/sociedadhispanoalemana.com\/wp-content\/uploads\/2022\/09\/undine-9-1024x1024.png 1024w, https:\/\/sociedadhispanoalemana.com\/wp-content\/uploads\/2022\/09\/undine-9-300x300.png 300w, https:\/\/sociedadhispanoalemana.com\/wp-content\/uploads\/2022\/09\/undine-9-150x150.png 150w, https:\/\/sociedadhispanoalemana.com\/wp-content\/uploads\/2022\/09\/undine-9-768x768.png 768w, https:\/\/sociedadhispanoalemana.com\/wp-content\/uploads\/2022\/09\/undine-9-12x12.png 12w, https:\/\/sociedadhispanoalemana.com\/wp-content\/uploads\/2022\/09\/undine-9.png 1080w\" sizes=\"auto, (max-width: 1024px) 100vw, 1024px\" \/>\t\t\t\t\t\t\t\t\t\t\t\t\t\t\t<\/div>\n\t\t\t\t<\/div>\n\t\t\t\t\t<\/div>\n\t\t<\/div>\n\t\t\t\t<div class=\"elementor-column elementor-col-50 elementor-top-column elementor-element elementor-element-36bd568e\" data-id=\"36bd568e\" data-element_type=\"column\">\n\t\t\t<div class=\"elementor-widget-wrap elementor-element-populated\">\n\t\t\t\t\t\t\t\t<div class=\"elementor-element elementor-element-29c1097f elementor-widget elementor-widget-heading\" data-id=\"29c1097f\" data-element_type=\"widget\" data-widget_type=\"heading.default\">\n\t\t\t\t<div class=\"elementor-widget-container\">\n\t\t\t<h2 class=\"elementor-heading-title elementor-size-default\">dienstag, 11. oktober<\/h2>\t\t<\/div>\n\t\t\t\t<\/div>\n\t\t\t\t<div class=\"elementor-element elementor-element-48c0f4f8 elementor-widget elementor-widget-text-editor\" data-id=\"48c0f4f8\" data-element_type=\"widget\" data-widget_type=\"text-editor.default\">\n\t\t\t\t<div class=\"elementor-widget-container\">\n\t\t\t\t\t\t\t<p class=\" translation-block\">11:00 Uhr. Ausflug nach Roncesvalles auf den Spuren von Karl dem Gro\u00dfen und Roland.<\/p><p><i><span style=\"font-weight: 400;\">12:00 Uhr. Besichtigung von Roncesvalles, mit der Basilika, dem Museum, den romanischen Kapellen usw.\u00a0<\/span><\/i><\/p><p><i><span style=\"font-weight: 400;\">14:00 Uhr. Mitagessen in \u201eLa Posada\u201c. Roncesvalles.\u00a0<\/span><\/i><\/p><p><i><span style=\"font-weight: 400;\">18:30 Uhr. Konzert im gotischen Bau Itzandegia.\u00a0<\/span><\/i><\/p>\t\t\t\t\t\t<\/div>\n\t\t\t\t<\/div>\n\t\t\t\t\t<\/div>\n\t\t<\/div>\n\t\t\t\t\t\t\t<\/div>\n\t\t<\/section>\n\t\t\t\t<section class=\"elementor-section elementor-top-section elementor-element elementor-element-6d106cc1 elementor-reverse-mobile elementor-section-boxed elementor-section-height-default elementor-section-height-default\" data-id=\"6d106cc1\" data-element_type=\"section\">\n\t\t\t\t\t\t<div class=\"elementor-container elementor-column-gap-no\">\n\t\t\t\t\t<div class=\"elementor-column elementor-col-50 elementor-top-column elementor-element elementor-element-6cb616c8\" data-id=\"6cb616c8\" data-element_type=\"column\">\n\t\t\t<div class=\"elementor-widget-wrap elementor-element-populated\">\n\t\t\t\t\t\t\t\t<div class=\"elementor-element elementor-element-595ffc98 elementor-widget elementor-widget-heading\" data-id=\"595ffc98\" data-element_type=\"widget\" data-widget_type=\"heading.default\">\n\t\t\t\t<div class=\"elementor-widget-container\">\n\t\t\t<h2 class=\"elementor-heading-title elementor-size-default\">mittwoch, 12. oktober<\/h2>\t\t<\/div>\n\t\t\t\t<\/div>\n\t\t\t\t<div class=\"elementor-element elementor-element-3842bd69 elementor-widget elementor-widget-text-editor\" data-id=\"3842bd69\" data-element_type=\"widget\" data-widget_type=\"text-editor.default\">\n\t\t\t\t<div class=\"elementor-widget-container\">\n\t\t\t\t\t\t\t<p class=\" translation-block\">20:00 Uhr Konzert des Paderborner Domchors in der Kirche San Saturnino in Pamplona.<\/p>\t\t\t\t\t\t<\/div>\n\t\t\t\t<\/div>\n\t\t\t\t<div class=\"elementor-element elementor-element-6fabb44c elementor-widget elementor-widget-button\" data-id=\"6fabb44c\" data-element_type=\"widget\" data-widget_type=\"button.default\">\n\t\t\t\t<div class=\"elementor-widget-container\">\n\t\t\t\t\t<div class=\"elementor-button-wrapper\">\n\t\t\t<a class=\"elementor-button elementor-button-link elementor-size-sm\" href=\"http:\/\/iglesiasansaturnino.com\/\" target=\"_blank\">\n\t\t\t\t\t\t<span class=\"elementor-button-content-wrapper\">\n\t\t\t\t\t\t<span class=\"elementor-button-text\">Eintritt Frei<\/span>\n\t\t<\/span>\n\t\t\t\t\t<\/a>\n\t\t<\/div>\n\t\t\t\t<\/div>\n\t\t\t\t<\/div>\n\t\t\t\t\t<\/div>\n\t\t<\/div>\n\t\t\t\t<div class=\"elementor-column elementor-col-50 elementor-top-column elementor-element elementor-element-58a0e230\" data-id=\"58a0e230\" data-element_type=\"column\">\n\t\t\t<div class=\"elementor-widget-wrap elementor-element-populated\">\n\t\t\t\t\t\t\t\t<div class=\"elementor-element elementor-element-4a502b5b elementor-widget elementor-widget-image\" data-id=\"4a502b5b\" data-element_type=\"widget\" data-widget_type=\"image.default\">\n\t\t\t\t<div class=\"elementor-widget-container\">\n\t\t\t\t\t\t\t\t\t\t\t\t\t\t\t<img loading=\"lazy\" decoding=\"async\" width=\"1024\" height=\"1024\" src=\"https:\/\/sociedadhispanoalemana.com\/wp-content\/uploads\/2022\/09\/undine-2-1024x1024.png\" class=\"attachment-large size-large wp-image-3489\" alt=\"\" srcset=\"https:\/\/sociedadhispanoalemana.com\/wp-content\/uploads\/2022\/09\/undine-2-1024x1024.png 1024w, https:\/\/sociedadhispanoalemana.com\/wp-content\/uploads\/2022\/09\/undine-2-300x300.png 300w, https:\/\/sociedadhispanoalemana.com\/wp-content\/uploads\/2022\/09\/undine-2-150x150.png 150w, https:\/\/sociedadhispanoalemana.com\/wp-content\/uploads\/2022\/09\/undine-2-768x768.png 768w, https:\/\/sociedadhispanoalemana.com\/wp-content\/uploads\/2022\/09\/undine-2-12x12.png 12w, https:\/\/sociedadhispanoalemana.com\/wp-content\/uploads\/2022\/09\/undine-2.png 1080w\" sizes=\"auto, (max-width: 1024px) 100vw, 1024px\" \/>\t\t\t\t\t\t\t\t\t\t\t\t\t\t\t<\/div>\n\t\t\t\t<\/div>\n\t\t\t\t\t<\/div>\n\t\t<\/div>\n\t\t\t\t\t\t\t<\/div>\n\t\t<\/section>\n\t\t\t\t<section class=\"elementor-section elementor-top-section elementor-element elementor-element-3dc1aee elementor-section-boxed elementor-section-height-default elementor-section-height-default\" data-id=\"3dc1aee\" data-element_type=\"section\">\n\t\t\t\t\t\t<div class=\"elementor-container elementor-column-gap-no\">\n\t\t\t\t\t<div class=\"elementor-column elementor-col-50 elementor-top-column elementor-element elementor-element-7a2a26a\" data-id=\"7a2a26a\" data-element_type=\"column\">\n\t\t\t<div class=\"elementor-widget-wrap elementor-element-populated\">\n\t\t\t\t\t\t\t\t<div class=\"elementor-element elementor-element-386348da elementor-widget elementor-widget-image\" data-id=\"386348da\" data-element_type=\"widget\" data-widget_type=\"image.default\">\n\t\t\t\t<div class=\"elementor-widget-container\">\n\t\t\t\t\t\t\t\t\t\t\t\t\t\t\t<img loading=\"lazy\" decoding=\"async\" width=\"1024\" height=\"1024\" src=\"https:\/\/sociedadhispanoalemana.com\/wp-content\/uploads\/2022\/10\/undine-1024x1024.jpg\" class=\"attachment-large size-large wp-image-3677\" alt=\"\" srcset=\"https:\/\/sociedadhispanoalemana.com\/wp-content\/uploads\/2022\/10\/undine-1024x1024.jpg 1024w, https:\/\/sociedadhispanoalemana.com\/wp-content\/uploads\/2022\/10\/undine-300x300.jpg 300w, https:\/\/sociedadhispanoalemana.com\/wp-content\/uploads\/2022\/10\/undine-150x150.jpg 150w, https:\/\/sociedadhispanoalemana.com\/wp-content\/uploads\/2022\/10\/undine-768x768.jpg 768w, https:\/\/sociedadhispanoalemana.com\/wp-content\/uploads\/2022\/10\/undine-12x12.jpg 12w, https:\/\/sociedadhispanoalemana.com\/wp-content\/uploads\/2022\/10\/undine.jpg 1080w\" sizes=\"auto, (max-width: 1024px) 100vw, 1024px\" \/>\t\t\t\t\t\t\t\t\t\t\t\t\t\t\t<\/div>\n\t\t\t\t<\/div>\n\t\t\t\t\t<\/div>\n\t\t<\/div>\n\t\t\t\t<div class=\"elementor-column elementor-col-50 elementor-top-column elementor-element elementor-element-6a104247\" data-id=\"6a104247\" data-element_type=\"column\">\n\t\t\t<div class=\"elementor-widget-wrap elementor-element-populated\">\n\t\t\t\t\t\t\t\t<div class=\"elementor-element elementor-element-2c2c064e elementor-widget elementor-widget-heading\" data-id=\"2c2c064e\" data-element_type=\"widget\" data-widget_type=\"heading.default\">\n\t\t\t\t<div class=\"elementor-widget-container\">\n\t\t\t<h2 class=\"elementor-heading-title elementor-size-default\">Donnerstag, 13. Oktober<\/h2>\t\t<\/div>\n\t\t\t\t<\/div>\n\t\t\t\t<div class=\"elementor-element elementor-element-6be833a8 elementor-widget elementor-widget-text-editor\" data-id=\"6be833a8\" data-element_type=\"widget\" data-widget_type=\"text-editor.default\">\n\t\t\t\t<div class=\"elementor-widget-container\">\n\t\t\t\t\t\t\t<p class=\" translation-block\">11:45 Uhr. Vorf\u00fchrung eines deutschen Filmes f\u00fcr deutschlernende Sch\u00fcler der Sekundarstufe in Pamplona. Titel: Cleo\n(2019), Kom\u00f6die 99 Min. Regisseur: Erik Schmitt<\/p><p><i><span style=\"font-weight: 400;\">Veranstaltungsort: Sal\u00f3n de actos des Instituto Plaza de la Cruz, Pamplona.<\/span><\/i><\/p><p class=\" translation-block\">20:00 Uhr. Stammtisch im Rahmen der Feier des XXX. Jubileums Pamplona-Paderborn. Treffen in entspannter\nAtmosph\u00e4re. Deutsche Live-Musik.<\/p><p><i><span style=\"font-weight: 400;\">Lugar: Caf\u00e9 Zentral, Plaza de los Burgos.<\/span><\/i><\/p><p><i><span style=\"font-weight: 400;\">Vorherige Anmeldung erforderlich<\/span><\/i><\/p>\t\t\t\t\t\t<\/div>\n\t\t\t\t<\/div>\n\t\t\t\t<div class=\"elementor-element elementor-element-4ce3cf54 elementor-widget elementor-widget-button\" data-id=\"4ce3cf54\" data-element_type=\"widget\" data-widget_type=\"button.default\">\n\t\t\t\t<div class=\"elementor-widget-container\">\n\t\t\t\t\t<div class=\"elementor-button-wrapper\">\n\t\t\t<a class=\"elementor-button elementor-button-link elementor-size-sm\" href=\"https:\/\/forms.gle\/oEza6gg95F4BgxLZ6\" target=\"_blank\">\n\t\t\t\t\t\t<span class=\"elementor-button-content-wrapper\">\n\t\t\t\t\t\t<span class=\"elementor-button-text\">Anmeldung<\/span>\n\t\t<\/span>\n\t\t\t\t\t<\/a>\n\t\t<\/div>\n\t\t\t\t<\/div>\n\t\t\t\t<\/div>\n\t\t\t\t\t<\/div>\n\t\t<\/div>\n\t\t\t\t\t\t\t<\/div>\n\t\t<\/section>\n\t\t\t\t<section class=\"elementor-section elementor-top-section elementor-element elementor-element-30712875 elementor-reverse-mobile elementor-section-boxed elementor-section-height-default elementor-section-height-default\" data-id=\"30712875\" data-element_type=\"section\">\n\t\t\t\t\t\t<div class=\"elementor-container elementor-column-gap-no\">\n\t\t\t\t\t<div class=\"elementor-column elementor-col-50 elementor-top-column elementor-element elementor-element-7b05ba5f\" data-id=\"7b05ba5f\" data-element_type=\"column\">\n\t\t\t<div class=\"elementor-widget-wrap elementor-element-populated\">\n\t\t\t\t\t\t\t\t<div class=\"elementor-element elementor-element-4810780b elementor-widget elementor-widget-heading\" data-id=\"4810780b\" data-element_type=\"widget\" data-widget_type=\"heading.default\">\n\t\t\t\t<div class=\"elementor-widget-container\">\n\t\t\t<h2 class=\"elementor-heading-title elementor-size-default\">Freitag, 14. Oktober<\/h2>\t\t<\/div>\n\t\t\t\t<\/div>\n\t\t\t\t<div class=\"elementor-element elementor-element-46a5a6d4 elementor-widget elementor-widget-text-editor\" data-id=\"46a5a6d4\" data-element_type=\"widget\" data-widget_type=\"text-editor.default\">\n\t\t\t\t<div class=\"elementor-widget-container\">\n\t\t\t\t\t\t\t<p><i><span style=\"font-weight: 400;\">Sinergias 2022 \/ Synergien 2022\u00a0<\/span><\/i><\/p><p><b><i>I Encuentro empresarial de empresas alemanas en Navarra<\/i><\/b><\/p><p><b><i>I Gesch\u00e4ftstreffen deutscher Unternehmen in Navarra<\/i><\/b><\/p><p class=\" translation-block\">Organisiert von DN Management-Diario de Navarra in Zusammenarbeit mit der Sociedad Hispano\nAlemana del Norte de Espa\u00f1a, dem deutschen Konsulat in Bilbao und der deutschen Handelskammer f\u00fcr Spanien.<\/p><p><i><span style=\"font-weight: 400;\">Deutsche Unternehmen in Navarra \/ Export-Import<\/span><\/i><\/p><p><i><span style=\"font-weight: 400;\">Abschlussrede der Pr\u00e4sidentin der Regierung von Navarra, Frau Mar\u00eda Chivite\u00a0<\/span><\/i><\/p><p><i><span style=\"font-weight: 400;\">Veranstaltungsort: CEN Confederaci\u00f3n Empresarial Navarra.\u00a0<\/span><\/i><\/p><p><i><span style=\"font-weight: 400;\">Vorherige Anmeldung erforderlich.<\/span><\/i><\/p>\t\t\t\t\t\t<\/div>\n\t\t\t\t<\/div>\n\t\t\t\t<div class=\"elementor-element elementor-element-35ccdc elementor-widget elementor-widget-button\" data-id=\"35ccdc\" data-element_type=\"widget\" data-widget_type=\"button.default\">\n\t\t\t\t<div class=\"elementor-widget-container\">\n\t\t\t\t\t<div class=\"elementor-button-wrapper\">\n\t\t\t<a class=\"elementor-button elementor-button-link elementor-size-sm\" href=\"https:\/\/mundodn.diariodenavarra.es\/actividades\/dnmanagement.html\" target=\"_blank\">\n\t\t\t\t\t\t<span class=\"elementor-button-content-wrapper\">\n\t\t\t\t\t\t<span class=\"elementor-button-text\">Anmeldung<\/span>\n\t\t<\/span>\n\t\t\t\t\t<\/a>\n\t\t<\/div>\n\t\t\t\t<\/div>\n\t\t\t\t<\/div>\n\t\t\t\t\t<\/div>\n\t\t<\/div>\n\t\t\t\t<div class=\"elementor-column elementor-col-50 elementor-top-column elementor-element elementor-element-57e1242c\" data-id=\"57e1242c\" data-element_type=\"column\">\n\t\t\t<div class=\"elementor-widget-wrap elementor-element-populated\">\n\t\t\t\t\t\t\t\t\t<\/div>\n\t\t<\/div>\n\t\t\t\t\t\t\t<\/div>\n\t\t<\/section>\n\t\t\t\t<section class=\"elementor-section elementor-top-section elementor-element elementor-element-3191c6c5 elementor-section-boxed elementor-section-height-default elementor-section-height-default\" data-id=\"3191c6c5\" data-element_type=\"section\">\n\t\t\t\t\t\t<div class=\"elementor-container elementor-column-gap-no\">\n\t\t\t\t\t<div class=\"elementor-column elementor-col-50 elementor-top-column elementor-element elementor-element-3e677e72\" data-id=\"3e677e72\" data-element_type=\"column\">\n\t\t\t<div class=\"elementor-widget-wrap elementor-element-populated\">\n\t\t\t\t\t\t\t\t<div class=\"elementor-element elementor-element-27fd4c4f elementor-widget elementor-widget-image\" data-id=\"27fd4c4f\" data-element_type=\"widget\" data-widget_type=\"image.default\">\n\t\t\t\t<div class=\"elementor-widget-container\">\n\t\t\t\t\t\t\t\t\t\t\t\t\t\t\t<img loading=\"lazy\" decoding=\"async\" width=\"1024\" height=\"1024\" src=\"https:\/\/sociedadhispanoalemana.com\/wp-content\/uploads\/2022\/09\/undine-7-1024x1024.png\" class=\"attachment-large size-large wp-image-3500\" alt=\"\" srcset=\"https:\/\/sociedadhispanoalemana.com\/wp-content\/uploads\/2022\/09\/undine-7-1024x1024.png 1024w, https:\/\/sociedadhispanoalemana.com\/wp-content\/uploads\/2022\/09\/undine-7-300x300.png 300w, https:\/\/sociedadhispanoalemana.com\/wp-content\/uploads\/2022\/09\/undine-7-150x150.png 150w, https:\/\/sociedadhispanoalemana.com\/wp-content\/uploads\/2022\/09\/undine-7-768x768.png 768w, https:\/\/sociedadhispanoalemana.com\/wp-content\/uploads\/2022\/09\/undine-7-12x12.png 12w, https:\/\/sociedadhispanoalemana.com\/wp-content\/uploads\/2022\/09\/undine-7.png 1080w\" sizes=\"auto, (max-width: 1024px) 100vw, 1024px\" \/>\t\t\t\t\t\t\t\t\t\t\t\t\t\t\t<\/div>\n\t\t\t\t<\/div>\n\t\t\t\t\t<\/div>\n\t\t<\/div>\n\t\t\t\t<div class=\"elementor-column elementor-col-50 elementor-top-column elementor-element elementor-element-5411d0db\" data-id=\"5411d0db\" data-element_type=\"column\">\n\t\t\t<div class=\"elementor-widget-wrap elementor-element-populated\">\n\t\t\t\t\t\t\t\t<div class=\"elementor-element elementor-element-7eb6a79f elementor-widget elementor-widget-heading\" data-id=\"7eb6a79f\" data-element_type=\"widget\" data-widget_type=\"heading.default\">\n\t\t\t\t<div class=\"elementor-widget-container\">\n\t\t\t<h2 class=\"elementor-heading-title elementor-size-default\">Freitag, 14. Oktober<\/h2>\t\t<\/div>\n\t\t\t\t<\/div>\n\t\t\t\t<div class=\"elementor-element elementor-element-4470af62 elementor-widget elementor-widget-text-editor\" data-id=\"4470af62\" data-element_type=\"widget\" data-widget_type=\"text-editor.default\">\n\t\t\t\t<div class=\"elementor-widget-container\">\n\t\t\t\t\t\t\t<p class=\" translation-block\">OKTOBERFEST,  Caf\u00e9 Zentral, Plaza de los Burgos.<\/p><p class=\" translation-block\">17.30 Uhr, Zutritt; 19:00 Uhr, Feierliche Er\u00f6ffnung des Oktoberfestes<\/p><p><i><span style=\"font-weight: 400;\">Organisiert von der Sociedad Hispano Alemana del Norte de Espa\u00f1a zur Feier des 30-j\u00e4hrigen Bestehens der\nSt\u00e4dtepartnerschaft mit Paderborn. Deutsche Live-Musik von Lehrern der Musikschule Paderborn.<\/span><\/i><\/p><p><i><span style=\"font-weight: 400;\">Deutsches Bier und typische Produkte der deutschen Gastronomie.<\/span><\/i><\/p><p><i><span style=\"font-weight: 400;\">Mitglieder: 2 Glas Bier gratis. Bitte sich am Eingang als Mitglied anmelden.<\/span><\/i><\/p><p>\u00a0<\/p>\t\t\t\t\t\t<\/div>\n\t\t\t\t<\/div>\n\t\t\t\t\t<\/div>\n\t\t<\/div>\n\t\t\t\t\t\t\t<\/div>\n\t\t<\/section>\n\t\t\t\t<section class=\"elementor-section elementor-top-section elementor-element elementor-element-515481dd elementor-reverse-mobile elementor-section-boxed elementor-section-height-default elementor-section-height-default\" data-id=\"515481dd\" data-element_type=\"section\">\n\t\t\t\t\t\t<div class=\"elementor-container elementor-column-gap-no\">\n\t\t\t\t\t<div class=\"elementor-column elementor-col-50 elementor-top-column elementor-element elementor-element-24e50f0\" data-id=\"24e50f0\" data-element_type=\"column\">\n\t\t\t<div class=\"elementor-widget-wrap elementor-element-populated\">\n\t\t\t\t\t\t\t\t<div class=\"elementor-element elementor-element-6ea644ed elementor-widget elementor-widget-heading\" data-id=\"6ea644ed\" data-element_type=\"widget\" data-widget_type=\"heading.default\">\n\t\t\t\t<div class=\"elementor-widget-container\">\n\t\t\t<h2 class=\"elementor-heading-title elementor-size-default\">Samstag, 15. Oktober<\/h2>\t\t<\/div>\n\t\t\t\t<\/div>\n\t\t\t\t<div class=\"elementor-element elementor-element-29f8c3be elementor-widget elementor-widget-text-editor\" data-id=\"29f8c3be\" data-element_type=\"widget\" data-widget_type=\"text-editor.default\">\n\t\t\t\t<div class=\"elementor-widget-container\">\n\t\t\t\t\t\t\t<p><i>11:00h.\u00a0<\/i><b><i>Txikioktoberfest\u00a0 \u2013 Kinder-Oktoberfest<\/i><\/b><i>\u00a0en Caf\u00e9 Zentral, Plaza de los Burgos organizado por la APYMA del Colegio bilnig\u00fce Paderborn.<\/i><\/p><p><i>Talleres y actuaciones para ni\u00f1@s.<\/i><\/p><p>-M\u00fascia en vivo<\/p><p>-Globoflexia<\/p><p>-Pintacaras<\/p><p>-Crea tu propia chapa<\/p><p>-Decora tu Lebkuchenherz<\/p><p><i>Abierto a todo el p\u00fablico.<\/i><\/p><p><i>Deutsches Bier und typische Produkte der deutschen Gastronomie.<\/i><\/p>\t\t\t\t\t\t<\/div>\n\t\t\t\t<\/div>\n\t\t\t\t<div class=\"elementor-element elementor-element-3cf0131e elementor-widget elementor-widget-button\" data-id=\"3cf0131e\" data-element_type=\"widget\" data-widget_type=\"button.default\">\n\t\t\t\t<div class=\"elementor-widget-container\">\n\t\t\t\t\t<div class=\"elementor-button-wrapper\">\n\t\t\t<a class=\"elementor-button elementor-button-link elementor-size-sm\" href=\"https:\/\/www.apymapaderborn.com\/\" target=\"_blank\">\n\t\t\t\t\t\t<span class=\"elementor-button-content-wrapper\">\n\t\t\t\t\t\t<span class=\"elementor-button-text\">APYMA PADERBORN HOME <\/span>\n\t\t<\/span>\n\t\t\t\t\t<\/a>\n\t\t<\/div>\n\t\t\t\t<\/div>\n\t\t\t\t<\/div>\n\t\t\t\t\t<\/div>\n\t\t<\/div>\n\t\t\t\t<div class=\"elementor-column elementor-col-50 elementor-top-column elementor-element elementor-element-4e76402f\" data-id=\"4e76402f\" data-element_type=\"column\">\n\t\t\t<div class=\"elementor-widget-wrap elementor-element-populated\">\n\t\t\t\t\t\t\t\t<div class=\"elementor-element elementor-element-563e2727 elementor-widget elementor-widget-image\" data-id=\"563e2727\" data-element_type=\"widget\" data-widget_type=\"image.default\">\n\t\t\t\t<div class=\"elementor-widget-container\">\n\t\t\t\t\t\t\t\t\t\t\t\t\t\t\t<img loading=\"lazy\" decoding=\"async\" width=\"1024\" height=\"760\" src=\"https:\/\/sociedadhispanoalemana.com\/wp-content\/uploads\/2022\/09\/undine-12-e1728038916575-1024x760.png\" class=\"attachment-large size-large wp-image-3556\" alt=\"\" srcset=\"https:\/\/sociedadhispanoalemana.com\/wp-content\/uploads\/2022\/09\/undine-12-e1728038916575-1024x760.png 1024w, https:\/\/sociedadhispanoalemana.com\/wp-content\/uploads\/2022\/09\/undine-12-e1728038916575-300x223.png 300w, https:\/\/sociedadhispanoalemana.com\/wp-content\/uploads\/2022\/09\/undine-12-e1728038916575-768x570.png 768w, https:\/\/sociedadhispanoalemana.com\/wp-content\/uploads\/2022\/09\/undine-12-e1728038916575-16x12.png 16w, https:\/\/sociedadhispanoalemana.com\/wp-content\/uploads\/2022\/09\/undine-12-e1728038916575.png 1080w\" sizes=\"auto, (max-width: 1024px) 100vw, 1024px\" \/>\t\t\t\t\t\t\t\t\t\t\t\t\t\t\t<\/div>\n\t\t\t\t<\/div>\n\t\t\t\t\t<\/div>\n\t\t<\/div>\n\t\t\t\t\t\t\t<\/div>\n\t\t<\/section>\n\t\t\t\t<section class=\"elementor-section elementor-top-section elementor-element elementor-element-742c17dd elementor-section-boxed elementor-section-height-default elementor-section-height-default\" data-id=\"742c17dd\" data-element_type=\"section\">\n\t\t\t\t\t\t<div class=\"elementor-container elementor-column-gap-no\">\n\t\t\t\t\t<div class=\"elementor-column elementor-col-50 elementor-top-column elementor-element elementor-element-33988fa8\" data-id=\"33988fa8\" data-element_type=\"column\">\n\t\t\t<div class=\"elementor-widget-wrap elementor-element-populated\">\n\t\t\t\t\t\t\t\t<div class=\"elementor-element elementor-element-2499b29d elementor-widget elementor-widget-image\" data-id=\"2499b29d\" data-element_type=\"widget\" data-widget_type=\"image.default\">\n\t\t\t\t<div class=\"elementor-widget-container\">\n\t\t\t\t\t\t\t\t\t\t\t\t\t\t\t<img loading=\"lazy\" decoding=\"async\" width=\"1024\" height=\"1024\" src=\"https:\/\/sociedadhispanoalemana.com\/wp-content\/uploads\/2022\/09\/undine-13-1024x1024.png\" class=\"attachment-large size-large wp-image-3562\" alt=\"\" srcset=\"https:\/\/sociedadhispanoalemana.com\/wp-content\/uploads\/2022\/09\/undine-13-1024x1024.png 1024w, https:\/\/sociedadhispanoalemana.com\/wp-content\/uploads\/2022\/09\/undine-13-300x300.png 300w, https:\/\/sociedadhispanoalemana.com\/wp-content\/uploads\/2022\/09\/undine-13-150x150.png 150w, https:\/\/sociedadhispanoalemana.com\/wp-content\/uploads\/2022\/09\/undine-13-768x768.png 768w, https:\/\/sociedadhispanoalemana.com\/wp-content\/uploads\/2022\/09\/undine-13-12x12.png 12w, https:\/\/sociedadhispanoalemana.com\/wp-content\/uploads\/2022\/09\/undine-13.png 1080w\" sizes=\"auto, (max-width: 1024px) 100vw, 1024px\" \/>\t\t\t\t\t\t\t\t\t\t\t\t\t\t\t<\/div>\n\t\t\t\t<\/div>\n\t\t\t\t\t<\/div>\n\t\t<\/div>\n\t\t\t\t<div class=\"elementor-column elementor-col-50 elementor-top-column elementor-element elementor-element-4133a31f\" data-id=\"4133a31f\" data-element_type=\"column\">\n\t\t\t<div class=\"elementor-widget-wrap elementor-element-populated\">\n\t\t\t\t\t\t\t\t<div class=\"elementor-element elementor-element-39697511 elementor-widget elementor-widget-heading\" data-id=\"39697511\" data-element_type=\"widget\" data-widget_type=\"heading.default\">\n\t\t\t\t<div class=\"elementor-widget-container\">\n\t\t\t<h2 class=\"elementor-heading-title elementor-size-default\">S\u00e1bado 15, de octubre<\/h2>\t\t<\/div>\n\t\t\t\t<\/div>\n\t\t\t\t<div class=\"elementor-element elementor-element-49152894 elementor-widget elementor-widget-text-editor\" data-id=\"49152894\" data-element_type=\"widget\" data-widget_type=\"text-editor.default\">\n\t\t\t\t<div class=\"elementor-widget-container\">\n\t\t\t\t\t\t\t<p class=\" translation-block\">OKTOBERFEST,  Caf\u00e9 Zentral, Plaza de los Burgos.<\/p><p><i>14:00 Uhr. Br\u00fcderschaftsessen und Abschluss der XXX. Deutsch-Spanischen Kulturwoche. .\u00a0<\/i><\/p><p><strong>MEN\u00da ADULTO<\/strong><\/p><p>Tabla de fiambres alemanes<br \/>Ensaladilla de patata<\/p><p>Ensaladilla de fiambres con pepinillo agridulce<br \/>Pastel de carne con queso havarti<br \/>Surtido de 3 salchichas emplatadas<\/p><p>+Postre a definir<\/p><p>Se incluye 1\/2 litro de cerveza alemana por comensal, agua y pan.<\/p><p><i>Verantaltungsort: Caf\u00e9 Zentral, Plaza de los Burgos.\nMen\u00fc: 25\u20ac.\u00a0<\/i><\/p><p><strong>MEN\u00da INFANTIL<\/strong><\/p><p>Ensaladilla de patata<br \/>Tabla de fiambres alemanes<br \/>Salchichas alemanas<br \/>+Postre a definir<br \/>Precio por comensal: 17 \u20ac IVA incluido<\/p><p><i>Vorherige Anmeldung erforderlich.<\/i><\/p>\t\t\t\t\t\t<\/div>\n\t\t\t\t<\/div>\n\t\t\t\t<div class=\"elementor-element elementor-element-13429d3a elementor-widget elementor-widget-button\" data-id=\"13429d3a\" data-element_type=\"widget\" data-widget_type=\"button.default\">\n\t\t\t\t<div class=\"elementor-widget-container\">\n\t\t\t\t\t<div class=\"elementor-button-wrapper\">\n\t\t\t<a class=\"elementor-button elementor-button-link elementor-size-sm\" href=\"https:\/\/forms.gle\/oEza6gg95F4BgxLZ6\" target=\"_blank\">\n\t\t\t\t\t\t<span class=\"elementor-button-content-wrapper\">\n\t\t\t\t\t\t<span class=\"elementor-button-text\">Anmeldung<\/span>\n\t\t<\/span>\n\t\t\t\t\t<\/a>\n\t\t<\/div>\n\t\t\t\t<\/div>\n\t\t\t\t<\/div>\n\t\t\t\t\t<\/div>\n\t\t<\/div>\n\t\t\t\t\t\t\t<\/div>\n\t\t<\/section>\n\t\t\t\t<section class=\"elementor-section elementor-top-section elementor-element elementor-element-60e79e2c elementor-section-boxed elementor-section-height-default elementor-section-height-default\" data-id=\"60e79e2c\" data-element_type=\"section\">\n\t\t\t\t\t\t<div class=\"elementor-container elementor-column-gap-default\">\n\t\t\t\t\t<div class=\"elementor-column elementor-col-100 elementor-top-column elementor-element elementor-element-3f98fcf5\" data-id=\"3f98fcf5\" data-element_type=\"column\">\n\t\t\t<div class=\"elementor-widget-wrap elementor-element-populated\">\n\t\t\t\t\t\t\t\t<div class=\"elementor-element elementor-element-28224515 elementor-widget elementor-widget-heading\" data-id=\"28224515\" data-element_type=\"widget\" data-widget_type=\"heading.default\">\n\t\t\t\t<div class=\"elementor-widget-container\">\n\t\t\t<h2 class=\"elementor-heading-title elementor-size-default\">In Zusammenarbeit mit:<\/h2>\t\t<\/div>\n\t\t\t\t<\/div>\n\t\t\t\t\t<\/div>\n\t\t<\/div>\n\t\t\t\t\t\t\t<\/div>\n\t\t<\/section>\n\t\t\t\t<section class=\"elementor-section elementor-top-section elementor-element elementor-element-bd07dd6 elementor-section-boxed elementor-section-height-default elementor-section-height-default\" data-id=\"bd07dd6\" data-element_type=\"section\">\n\t\t\t\t\t\t<div class=\"elementor-container elementor-column-gap-default\">\n\t\t\t\t\t<div class=\"elementor-column elementor-col-16 elementor-top-column elementor-element elementor-element-58d3c0ad\" data-id=\"58d3c0ad\" data-element_type=\"column\">\n\t\t\t<div class=\"elementor-widget-wrap elementor-element-populated\">\n\t\t\t\t\t\t\t\t\t<\/div>\n\t\t<\/div>\n\t\t\t\t<div class=\"elementor-column elementor-col-66 elementor-top-column elementor-element elementor-element-2092e9ab\" data-id=\"2092e9ab\" data-element_type=\"column\">\n\t\t\t<div class=\"elementor-widget-wrap elementor-element-populated\">\n\t\t\t\t\t\t\t\t<div class=\"elementor-element elementor-element-37ec168d elementor-widget elementor-widget-image\" data-id=\"37ec168d\" data-element_type=\"widget\" data-widget_type=\"image.default\">\n\t\t\t\t<div class=\"elementor-widget-container\">\n\t\t\t\t\t\t\t\t\t\t\t\t\t\t\t<img loading=\"lazy\" decoding=\"async\" width=\"761\" height=\"654\" src=\"https:\/\/sociedadhispanoalemana.com\/wp-content\/uploads\/2022\/09\/logos.png\" class=\"attachment-large size-large wp-image-3604\" alt=\"\" srcset=\"https:\/\/sociedadhispanoalemana.com\/wp-content\/uploads\/2022\/09\/logos.png 761w, https:\/\/sociedadhispanoalemana.com\/wp-content\/uploads\/2022\/09\/logos-300x258.png 300w, https:\/\/sociedadhispanoalemana.com\/wp-content\/uploads\/2022\/09\/logos-14x12.png 14w\" sizes=\"auto, (max-width: 761px) 100vw, 761px\" \/>\t\t\t\t\t\t\t\t\t\t\t\t\t\t\t<\/div>\n\t\t\t\t<\/div>\n\t\t\t\t\t<\/div>\n\t\t<\/div>\n\t\t\t\t<div class=\"elementor-column elementor-col-16 elementor-top-column elementor-element elementor-element-3519f024\" data-id=\"3519f024\" data-element_type=\"column\">\n\t\t\t<div class=\"elementor-widget-wrap\">\n\t\t\t\t\t\t\t\t\t<\/div>\n\t\t<\/div>\n\t\t\t\t\t\t\t<\/div>\n\t\t<\/section>\n\t\t\t\t\t\t\t<\/div>","protected":false},"excerpt":{"rendered":"<p>Programm der Kulturwoche der Spanisch-Deutschen Gesellschaft. 30 Jahre St\u00e4dtepartnerschaft Pamplona-Paderborn. Treffen von Wirtschaft, Kultur und Familien. Besuch des B\u00fcrgermeisters von Paderborn und von 50 Mitgliedern des Domchors der deutschen Stadt.<\/p>","protected":false},"author":1,"featured_media":3568,"comment_status":"open","ping_status":"closed","sticky":false,"template":"","format":"standard","meta":{"_seopress_robots_primary_cat":"none","site-sidebar-layout":"no-sidebar","site-content-layout":"page-builder","ast-site-content-layout":"","site-content-style":"default","site-sidebar-style":"default","ast-global-header-display":"","ast-banner-title-visibility":"","ast-main-header-display":"","ast-hfb-above-header-display":"","ast-hfb-below-header-display":"","ast-hfb-mobile-header-display":"","site-post-title":"disabled","ast-breadcrumbs-content":"","ast-featured-img":"disabled","footer-sml-layout":"","theme-transparent-header-meta":"default","adv-header-id-meta":"","stick-header-meta":"","header-above-stick-meta":"","header-main-stick-meta":"","header-below-stick-meta":"","astra-migrate-meta-layouts":"default","ast-page-background-enabled":"default","ast-page-background-meta":{"desktop":{"background-color":"","background-image":"","background-repeat":"repeat","background-position":"center center","background-size":"auto","background-attachment":"scroll","background-type":"","background-media":"","overlay-type":"","overlay-color":"","overlay-opacity":"","overlay-gradient":""},"tablet":{"background-color":"","background-image":"","background-repeat":"repeat","background-position":"center center","background-size":"auto","background-attachment":"scroll","background-type":"","background-media":"","overlay-type":"","overlay-color":"","overlay-opacity":"","overlay-gradient":""},"mobile":{"background-color":"","background-image":"","background-repeat":"repeat","background-position":"center center","background-size":"auto","background-attachment":"scroll","background-type":"","background-media":"","overlay-type":"","overlay-color":"","overlay-opacity":"","overlay-gradient":""}},"ast-content-background-meta":{"desktop":{"background-color":"var(--ast-global-color-5)","background-image":"","background-repeat":"repeat","background-position":"center center","background-size":"auto","background-attachment":"scroll","background-type":"","background-media":"","overlay-type":"","overlay-color":"","overlay-opacity":"","overlay-gradient":""},"tablet":{"background-color":"var(--ast-global-color-5)","background-image":"","background-repeat":"repeat","background-position":"center center","background-size":"auto","background-attachment":"scroll","background-type":"","background-media":"","overlay-type":"","overlay-color":"","overlay-opacity":"","overlay-gradient":""},"mobile":{"background-color":"var(--ast-global-color-5)","background-image":"","background-repeat":"repeat","background-position":"center center","background-size":"auto","background-attachment":"scroll","background-type":"","background-media":"","overlay-type":"","overlay-color":"","overlay-opacity":"","overlay-gradient":""}},"_jetpack_memberships_contains_paid_content":false,"footnotes":"","jetpack_publicize_message":"","jetpack_publicize_feature_enabled":true,"jetpack_social_post_already_shared":false,"jetpack_social_options":{"image_generator_settings":{"template":"highway","default_image_id":0,"font":"","enabled":false},"version":2}},"categories":[12,13,24,38,45,25,29,30,32,23,88,28,27,15,26,89],"tags":[86,10,84,83,87,21,85,82,42],"class_list":["post-3626","post","type-post","status-publish","format-standard","has-post-thumbnail","hentry","category-actividades","category-actualidad","category-ciclo-de-cine-aleman","category-empresas","category-estudiantes","category-excursiones","category-familia-amigs","category-intercambio-cultural","category-nins","category-noticias","category-oktoberfest","category-ponencias-culturales","category-ponencias-empresariales","category-semana-cultural","category-tradiciones-alemanas","category-txikioktoberfest","tag-30-anos","tag-colaboracion-shane-y-colegio-paderborn","tag-concierto-coro","tag-cultura","tag-encuentro-empresarial","tag-hermanamiento-pamplona-paderborn","tag-hermandad","tag-oktoberfest","tag-paderborn"],"jetpack_publicize_connections":[],"jetpack_featured_media_url":"https:\/\/sociedadhispanoalemana.com\/wp-content\/uploads\/2022\/09\/undine-15.png","jetpack_sharing_enabled":true,"_links":{"self":[{"href":"https:\/\/sociedadhispanoalemana.com\/de\/wp-json\/wp\/v2\/posts\/3626","targetHints":{"allow":["GET"]}}],"collection":[{"href":"https:\/\/sociedadhispanoalemana.com\/de\/wp-json\/wp\/v2\/posts"}],"about":[{"href":"https:\/\/sociedadhispanoalemana.com\/de\/wp-json\/wp\/v2\/types\/post"}],"author":[{"embeddable":true,"href":"https:\/\/sociedadhispanoalemana.com\/de\/wp-json\/wp\/v2\/users\/1"}],"replies":[{"embeddable":true,"href":"https:\/\/sociedadhispanoalemana.com\/de\/wp-json\/wp\/v2\/comments?post=3626"}],"version-history":[{"count":33,"href":"https:\/\/sociedadhispanoalemana.com\/de\/wp-json\/wp\/v2\/posts\/3626\/revisions"}],"predecessor-version":[{"id":4253,"href":"https:\/\/sociedadhispanoalemana.com\/de\/wp-json\/wp\/v2\/posts\/3626\/revisions\/4253"}],"wp:featuredmedia":[{"embeddable":true,"href":"https:\/\/sociedadhispanoalemana.com\/de\/wp-json\/wp\/v2\/media\/3568"}],"wp:attachment":[{"href":"https:\/\/sociedadhispanoalemana.com\/de\/wp-json\/wp\/v2\/media?parent=3626"}],"wp:term":[{"taxonomy":"category","embeddable":true,"href":"https:\/\/sociedadhispanoalemana.com\/de\/wp-json\/wp\/v2\/categories?post=3626"},{"taxonomy":"post_tag","embeddable":true,"href":"https:\/\/sociedadhispanoalemana.com\/de\/wp-json\/wp\/v2\/tags?post=3626"}],"curies":[{"name":"wp","href":"https:\/\/api.w.org\/{rel}","templated":true}]}}