{"id":3778,"date":"2023-02-19T12:26:20","date_gmt":"2023-02-19T12:26:20","guid":{"rendered":"https:\/\/sociedadhispanoalemana.com\/?p=3778"},"modified":"2023-02-19T12:27:32","modified_gmt":"2023-02-19T12:27:32","slug":"georg-behrendt","status":"publish","type":"post","link":"https:\/\/sociedadhispanoalemana.com\/de\/georg-behrendt","title":{"rendered":"Georg Behrendt"},"content":{"rendered":"<blockquote class=\"wp-block-quote is-layout-flow wp-block-quote-is-layout-flow\">\n<p><strong>Lamentamos profundamente el fallecimiento de nuestra socio y amigo Georg Behrendt.<\/strong><\/p>\n\n\n\n<figure class=\"wp-block-image size-large\"><img loading=\"lazy\" decoding=\"async\" width=\"1024\" height=\"678\" src=\"https:\/\/sociedadhispanoalemana.com\/wp-content\/uploads\/2023\/02\/alvoredo-flores-blue-2555976-1024x678.jpg\" alt=\"alvoredo, fl\u00f4res, blue\" class=\"wp-image-3780\" srcset=\"https:\/\/sociedadhispanoalemana.com\/wp-content\/uploads\/2023\/02\/alvoredo-flores-blue-2555976-1024x678.jpg 1024w, https:\/\/sociedadhispanoalemana.com\/wp-content\/uploads\/2023\/02\/alvoredo-flores-blue-2555976-300x199.jpg 300w, https:\/\/sociedadhispanoalemana.com\/wp-content\/uploads\/2023\/02\/alvoredo-flores-blue-2555976-768x509.jpg 768w, https:\/\/sociedadhispanoalemana.com\/wp-content\/uploads\/2023\/02\/alvoredo-flores-blue-2555976-16x12.jpg 16w, https:\/\/sociedadhispanoalemana.com\/wp-content\/uploads\/2023\/02\/alvoredo-flores-blue-2555976.jpg 1280w\" sizes=\"auto, (max-width: 1024px) 100vw, 1024px\" \/><\/figure>\n\n\n\n<p>Falleci\u00f3 en Laukariz, el d\u00eda 15 de febrero de 2023, a los 81 a\u00f1os de edad.<\/p>\n<\/blockquote>","protected":false},"excerpt":{"rendered":"<p>Lamentamos profundamente el fallecimiento de nuestra socio y amigo Georg Behrendt.<\/p>","protected":false},"author":1,"featured_media":3780,"comment_status":"open","ping_status":"open","sticky":false,"template":"","format":"standard","meta":{"_seopress_robots_primary_cat":"none","site-sidebar-layout":"default","site-content-layout":"default","ast-site-content-layout":"","site-content-style":"default","site-sidebar-style":"default","ast-global-header-display":"","ast-banner-title-visibility":"","ast-main-header-display":"","ast-hfb-above-header-display":"","ast-hfb-below-header-display":"","ast-hfb-mobile-header-display":"","site-post-title":"","ast-breadcrumbs-content":"","ast-featured-img":"","footer-sml-layout":"","theme-transparent-header-meta":"default","adv-header-id-meta":"","stick-header-meta":"","header-above-stick-meta":"","header-main-stick-meta":"","header-below-stick-meta":"","astra-migrate-meta-layouts":"default","ast-page-background-enabled":"default","ast-page-background-meta":{"desktop":{"background-color":"","background-image":"","background-repeat":"repeat","background-position":"center center","background-size":"auto","background-attachment":"scroll","background-type":"","background-media":"","overlay-type":"","overlay-color":"","overlay-opacity":"","overlay-gradient":""},"tablet":{"background-color":"","background-image":"","background-repeat":"repeat","background-position":"center center","background-size":"auto","background-attachment":"scroll","background-type":"","background-media":"","overlay-type":"","overlay-color":"","overlay-opacity":"","overlay-gradient":""},"mobile":{"background-color":"","background-image":"","background-repeat":"repeat","background-position":"center center","background-size":"auto","background-attachment":"scroll","background-type":"","background-media":"","overlay-type":"","overlay-color":"","overlay-opacity":"","overlay-gradient":""}},"ast-content-background-meta":{"desktop":{"background-color":"var(--ast-global-color-5)","background-image":"","background-repeat":"repeat","background-position":"center center","background-size":"auto","background-attachment":"scroll","background-type":"","background-media":"","overlay-type":"","overlay-color":"","overlay-opacity":"","overlay-gradient":""},"tablet":{"background-color":"var(--ast-global-color-5)","background-image":"","background-repeat":"repeat","background-position":"center center","background-size":"auto","background-attachment":"scroll","background-type":"","background-media":"","overlay-type":"","overlay-color":"","overlay-opacity":"","overlay-gradient":""},"mobile":{"background-color":"var(--ast-global-color-5)","background-image":"","background-repeat":"repeat","background-position":"center center","background-size":"auto","background-attachment":"scroll","background-type":"","background-media":"","overlay-type":"","overlay-color":"","overlay-opacity":"","overlay-gradient":""}},"_jetpack_memberships_contains_paid_content":false,"footnotes":"","jetpack_publicize_message":"","jetpack_publicize_feature_enabled":true,"jetpack_social_post_already_shared":false,"jetpack_social_options":{"image_generator_settings":{"template":"highway","default_image_id":0,"font":"","enabled":false},"version":2}},"categories":[1],"tags":[100],"class_list":["post-3778","post","type-post","status-publish","format-standard","has-post-thumbnail","hentry","category-uncategorized","tag-socios-despedida"],"jetpack_publicize_connections":[],"jetpack_featured_media_url":"https:\/\/sociedadhispanoalemana.com\/wp-content\/uploads\/2023\/02\/alvoredo-flores-blue-2555976.jpg","jetpack_sharing_enabled":true,"_links":{"self":[{"href":"https:\/\/sociedadhispanoalemana.com\/de\/wp-json\/wp\/v2\/posts\/3778","targetHints":{"allow":["GET"]}}],"collection":[{"href":"https:\/\/sociedadhispanoalemana.com\/de\/wp-json\/wp\/v2\/posts"}],"about":[{"href":"https:\/\/sociedadhispanoalemana.com\/de\/wp-json\/wp\/v2\/types\/post"}],"author":[{"embeddable":true,"href":"https:\/\/sociedadhispanoalemana.com\/de\/wp-json\/wp\/v2\/users\/1"}],"replies":[{"embeddable":true,"href":"https:\/\/sociedadhispanoalemana.com\/de\/wp-json\/wp\/v2\/comments?post=3778"}],"version-history":[{"count":2,"href":"https:\/\/sociedadhispanoalemana.com\/de\/wp-json\/wp\/v2\/posts\/3778\/revisions"}],"predecessor-version":[{"id":3782,"href":"https:\/\/sociedadhispanoalemana.com\/de\/wp-json\/wp\/v2\/posts\/3778\/revisions\/3782"}],"wp:featuredmedia":[{"embeddable":true,"href":"https:\/\/sociedadhispanoalemana.com\/de\/wp-json\/wp\/v2\/media\/3780"}],"wp:attachment":[{"href":"https:\/\/sociedadhispanoalemana.com\/de\/wp-json\/wp\/v2\/media?parent=3778"}],"wp:term":[{"taxonomy":"category","embeddable":true,"href":"https:\/\/sociedadhispanoalemana.com\/de\/wp-json\/wp\/v2\/categories?post=3778"},{"taxonomy":"post_tag","embeddable":true,"href":"https:\/\/sociedadhispanoalemana.com\/de\/wp-json\/wp\/v2\/tags?post=3778"}],"curies":[{"name":"wp","href":"https:\/\/api.w.org\/{rel}","templated":true}]}}