{"id":4178,"date":"2024-10-02T16:32:45","date_gmt":"2024-10-02T16:32:45","guid":{"rendered":"https:\/\/sociedadhispanoalemana.com\/?p=4178"},"modified":"2024-10-04T08:13:36","modified_gmt":"2024-10-04T08:13:36","slug":"xxxii-jornadas-culturales-hispano-alemanas-2024","status":"publish","type":"post","link":"https:\/\/sociedadhispanoalemana.com\/de\/xxxii-jornadas-culturales-hispano-alemanas-2024","title":{"rendered":"XXXII Jornadas Culturales Hispano Alemanas 2024"},"content":{"rendered":"<div data-elementor-type=\"wp-post\" data-elementor-id=\"4178\" class=\"elementor elementor-4178\" data-elementor-post-type=\"post\">\n\t\t\t\t\t\t\t\t\t<section class=\"elementor-section elementor-top-section elementor-element elementor-element-2796795f elementor-section-boxed elementor-section-height-default elementor-section-height-default\" data-id=\"2796795f\" data-element_type=\"section\">\n\t\t\t\t\t\t<div class=\"elementor-container elementor-column-gap-default\">\n\t\t\t\t\t<div class=\"elementor-column elementor-col-100 elementor-top-column elementor-element elementor-element-2d29757e\" data-id=\"2d29757e\" data-element_type=\"column\">\n\t\t\t<div class=\"elementor-widget-wrap elementor-element-populated\">\n\t\t\t\t\t\t\t\t<div class=\"elementor-element elementor-element-28f2eddf elementor-widget elementor-widget-text-editor\" data-id=\"28f2eddf\" data-element_type=\"widget\" data-widget_type=\"text-editor.default\">\n\t\t\t\t<div class=\"elementor-widget-container\">\n\t\t\t\t\t\t\t<p>La Sociedad Hispano Alemana del Norte de Espa\u00f1a celebra una edici\u00f3n especial con unas Jornadas Culturales que, en esta ocasi\u00f3n, comenzar\u00e1n el 18 de octubre con el acto de inauguraci\u00f3n a cargo de la <strong>Embajadora de Alemania en Madrid<\/strong>, <strong>Margarete Gosse, <\/strong>y se clausurar\u00e1n el 31 de octubre con el concierto ofrecido por el <strong>Coro Monteverdi de Hamburgo<\/strong>.<\/p>\n<p>En esta edici\u00f3n ofrecemos eventos y actividades cultuales novedosas, entre las que destacan el <strong>encuentro literario sobre novela negra<\/strong>, en el que tenemos el placer de contar con <strong>Estela Chocarro<\/strong>, escritora de renombre, y <strong>Angelique Pfizner<\/strong>, directora de Lloret Negre. Igualmente, hemos incluido actividades como un trivial con tem\u00e1tica alemana y una interesante charla sobre <strong>Alemania como destino tur\u00edstico <\/strong>con <strong>Ulrike Bohnet<\/strong>, directora de la Oficina de Turismo Alemana en Madrid.<\/p>\n<p>Como ya es tradici\u00f3n, retomamos el <strong>Oktoberfest <\/strong>en esta ocasi\u00f3n en la Antigua Estaci\u00f3n de Autobuses, que de nuevo contar\u00e1 con su edici\u00f3n familiar al d\u00eda siguiente, el <strong>Txiki Oktoberfest<\/strong>, en colaboraci\u00f3n con la APYMA del Colegio Paderborn.<\/p>\t\t\t\t\t\t<\/div>\n\t\t\t\t<\/div>\n\t\t\t\t\t<\/div>\n\t\t<\/div>\n\t\t\t\t\t\t\t<\/div>\n\t\t<\/section>\n\t\t\t\t<section class=\"elementor-section elementor-top-section elementor-element elementor-element-44ed57e elementor-section-boxed elementor-section-height-default elementor-section-height-default\" data-id=\"44ed57e\" data-element_type=\"section\">\n\t\t\t\t\t\t<div class=\"elementor-container elementor-column-gap-default\">\n\t\t\t\t\t<div class=\"elementor-column elementor-col-100 elementor-top-column elementor-element elementor-element-57552c4\" data-id=\"57552c4\" data-element_type=\"column\">\n\t\t\t<div class=\"elementor-widget-wrap elementor-element-populated\">\n\t\t\t\t\t\t\t\t<div class=\"elementor-element elementor-element-b4a5434 elementor-widget elementor-widget-text-editor\" data-id=\"b4a5434\" data-element_type=\"widget\" data-widget_type=\"text-editor.default\">\n\t\t\t\t<div class=\"elementor-widget-container\">\n\t\t\t\t\t\t\t<!-- wp:image {\"id\":4181,\"sizeSlug\":\"large\",\"linkDestination\":\"none\"} -->\n<figure class=\"wp-block-image size-large\"><img loading=\"lazy\" decoding=\"async\" width=\"1024\" height=\"392\" src=\"https:\/\/sociedadhispanoalemana.com\/wp-content\/uploads\/2024\/10\/Triptico-XXXII-Jornadas-Culturales-1024x392.png\" alt=\"\" class=\"wp-image-4181\" srcset=\"https:\/\/sociedadhispanoalemana.com\/wp-content\/uploads\/2024\/10\/Triptico-XXXII-Jornadas-Culturales-1024x392.png 1024w, https:\/\/sociedadhispanoalemana.com\/wp-content\/uploads\/2024\/10\/Triptico-XXXII-Jornadas-Culturales-300x115.png 300w, https:\/\/sociedadhispanoalemana.com\/wp-content\/uploads\/2024\/10\/Triptico-XXXII-Jornadas-Culturales-768x294.png 768w, https:\/\/sociedadhispanoalemana.com\/wp-content\/uploads\/2024\/10\/Triptico-XXXII-Jornadas-Culturales-1536x588.png 1536w, https:\/\/sociedadhispanoalemana.com\/wp-content\/uploads\/2024\/10\/Triptico-XXXII-Jornadas-Culturales-2048x784.png 2048w, https:\/\/sociedadhispanoalemana.com\/wp-content\/uploads\/2024\/10\/Triptico-XXXII-Jornadas-Culturales-18x7.png 18w\" sizes=\"auto, (max-width: 1024px) 100vw, 1024px\" \/><\/figure>\n<!-- \/wp:image -->\t\t\t\t\t\t<\/div>\n\t\t\t\t<\/div>\n\t\t\t\t\t<\/div>\n\t\t<\/div>\n\t\t\t\t\t\t\t<\/div>\n\t\t<\/section>\n\t\t\t\t<section class=\"elementor-section elementor-top-section elementor-element elementor-element-cd9745b elementor-section-boxed elementor-section-height-default elementor-section-height-default\" data-id=\"cd9745b\" data-element_type=\"section\">\n\t\t\t\t\t\t<div class=\"elementor-container elementor-column-gap-default\">\n\t\t\t\t\t<div class=\"elementor-column elementor-col-100 elementor-top-column elementor-element elementor-element-6589030\" data-id=\"6589030\" data-element_type=\"column\">\n\t\t\t<div class=\"elementor-widget-wrap elementor-element-populated\">\n\t\t\t\t\t\t\t\t<section class=\"elementor-section elementor-inner-section elementor-element elementor-element-b8641c7 elementor-section-boxed elementor-section-height-default elementor-section-height-default\" data-id=\"b8641c7\" data-element_type=\"section\">\n\t\t\t\t\t\t<div class=\"elementor-container elementor-column-gap-default\">\n\t\t\t\t\t<div class=\"elementor-column elementor-col-50 elementor-inner-column elementor-element elementor-element-2b699ae\" data-id=\"2b699ae\" data-element_type=\"column\">\n\t\t\t<div class=\"elementor-widget-wrap\">\n\t\t\t\t\t\t\t\t\t<\/div>\n\t\t<\/div>\n\t\t\t\t<div class=\"elementor-column elementor-col-50 elementor-inner-column elementor-element elementor-element-126a1a6\" data-id=\"126a1a6\" data-element_type=\"column\">\n\t\t\t<div class=\"elementor-widget-wrap\">\n\t\t\t\t\t\t\t\t\t<\/div>\n\t\t<\/div>\n\t\t\t\t\t\t\t<\/div>\n\t\t<\/section>\n\t\t\t\t\t<\/div>\n\t\t<\/div>\n\t\t\t\t\t\t\t<\/div>\n\t\t<\/section>\n\t\t\t\t\t\t\t<\/div>","protected":false},"excerpt":{"rendered":"<p>La Sociedad Hispano Alemana del Norte de Espa\u00f1a celebra una edici\u00f3n especial con unas Jornadas Culturales que, en esta ocasi\u00f3n, comenzar\u00e1n el 18 de octubre con el acto de inauguraci\u00f3n [&hellip;]<\/p>","protected":false},"author":1,"featured_media":0,"comment_status":"open","ping_status":"open","sticky":false,"template":"","format":"standard","meta":{"_seopress_robots_primary_cat":"none","site-sidebar-layout":"default","site-content-layout":"","ast-site-content-layout":"default","site-content-style":"default","site-sidebar-style":"default","ast-global-header-display":"","ast-banner-title-visibility":"","ast-main-header-display":"","ast-hfb-above-header-display":"","ast-hfb-below-header-display":"","ast-hfb-mobile-header-display":"","site-post-title":"","ast-breadcrumbs-content":"","ast-featured-img":"","footer-sml-layout":"","theme-transparent-header-meta":"","adv-header-id-meta":"","stick-header-meta":"","header-above-stick-meta":"","header-main-stick-meta":"","header-below-stick-meta":"","astra-migrate-meta-layouts":"set","ast-page-background-enabled":"default","ast-page-background-meta":{"desktop":{"background-color":"","background-image":"","background-repeat":"repeat","background-position":"center center","background-size":"auto","background-attachment":"scroll","background-type":"","background-media":"","overlay-type":"","overlay-color":"","overlay-opacity":"","overlay-gradient":""},"tablet":{"background-color":"","background-image":"","background-repeat":"repeat","background-position":"center center","background-size":"auto","background-attachment":"scroll","background-type":"","background-media":"","overlay-type":"","overlay-color":"","overlay-opacity":"","overlay-gradient":""},"mobile":{"background-color":"","background-image":"","background-repeat":"repeat","background-position":"center center","background-size":"auto","background-attachment":"scroll","background-type":"","background-media":"","overlay-type":"","overlay-color":"","overlay-opacity":"","overlay-gradient":""}},"ast-content-background-meta":{"desktop":{"background-color":"var(--ast-global-color-5)","background-image":"","background-repeat":"repeat","background-position":"center center","background-size":"auto","background-attachment":"scroll","background-type":"","background-media":"","overlay-type":"","overlay-color":"","overlay-opacity":"","overlay-gradient":""},"tablet":{"background-color":"var(--ast-global-color-5)","background-image":"","background-repeat":"repeat","background-position":"center center","background-size":"auto","background-attachment":"scroll","background-type":"","background-media":"","overlay-type":"","overlay-color":"","overlay-opacity":"","overlay-gradient":""},"mobile":{"background-color":"var(--ast-global-color-5)","background-image":"","background-repeat":"repeat","background-position":"center center","background-size":"auto","background-attachment":"scroll","background-type":"","background-media":"","overlay-type":"","overlay-color":"","overlay-opacity":"","overlay-gradient":""}},"_jetpack_memberships_contains_paid_content":false,"footnotes":"","jetpack_publicize_message":"","jetpack_publicize_feature_enabled":true,"jetpack_social_post_already_shared":false,"jetpack_social_options":{"image_generator_settings":{"template":"highway","default_image_id":0,"font":"","enabled":false},"version":2}},"categories":[1],"tags":[],"class_list":["post-4178","post","type-post","status-publish","format-standard","hentry","category-uncategorized"],"jetpack_publicize_connections":[],"jetpack_featured_media_url":"","jetpack_sharing_enabled":true,"_links":{"self":[{"href":"https:\/\/sociedadhispanoalemana.com\/de\/wp-json\/wp\/v2\/posts\/4178","targetHints":{"allow":["GET"]}}],"collection":[{"href":"https:\/\/sociedadhispanoalemana.com\/de\/wp-json\/wp\/v2\/posts"}],"about":[{"href":"https:\/\/sociedadhispanoalemana.com\/de\/wp-json\/wp\/v2\/types\/post"}],"author":[{"embeddable":true,"href":"https:\/\/sociedadhispanoalemana.com\/de\/wp-json\/wp\/v2\/users\/1"}],"replies":[{"embeddable":true,"href":"https:\/\/sociedadhispanoalemana.com\/de\/wp-json\/wp\/v2\/comments?post=4178"}],"version-history":[{"count":5,"href":"https:\/\/sociedadhispanoalemana.com\/de\/wp-json\/wp\/v2\/posts\/4178\/revisions"}],"predecessor-version":[{"id":4331,"href":"https:\/\/sociedadhispanoalemana.com\/de\/wp-json\/wp\/v2\/posts\/4178\/revisions\/4331"}],"wp:attachment":[{"href":"https:\/\/sociedadhispanoalemana.com\/de\/wp-json\/wp\/v2\/media?parent=4178"}],"wp:term":[{"taxonomy":"category","embeddable":true,"href":"https:\/\/sociedadhispanoalemana.com\/de\/wp-json\/wp\/v2\/categories?post=4178"},{"taxonomy":"post_tag","embeddable":true,"href":"https:\/\/sociedadhispanoalemana.com\/de\/wp-json\/wp\/v2\/tags?post=4178"}],"curies":[{"name":"wp","href":"https:\/\/api.w.org\/{rel}","templated":true}]}}